{"id":27091,"date":"2025-11-20T10:23:27","date_gmt":"2025-11-20T13:23:27","guid":{"rendered":"https:\/\/fadeweb.uncoma.edu.ar\/?p=27091"},"modified":"2025-11-20T10:23:27","modified_gmt":"2025-11-20T13:23:27","slug":"cierre-de-practicas-preprofesional-en-el-etap","status":"publish","type":"post","link":"https:\/\/fadeweb.uncoma.edu.ar\/index.php\/2025\/11\/20\/cierre-de-practicas-preprofesional-en-el-etap\/","title":{"rendered":"CIERRE DE PR\u00c1CTICAS PREPROFESIONAL EN EL ETAP"},"content":{"rendered":"<p><img fetchpriority=\"high\" decoding=\"async\" class=\"alignnone wp-image-27092 size-large\" src=\"https:\/\/fadeweb.uncoma.edu.ar\/wp-content\/uploads\/2025\/11\/etap1-1024x768.jpg\" alt=\"CIERRE DE PR\u00c1CTICAS PREPROFESIONAL EN EL ETAP\" width=\"800\" height=\"600\" srcset=\"https:\/\/fadeweb.uncoma.edu.ar\/wp-content\/uploads\/2025\/11\/etap1-1024x768.jpg 1024w, https:\/\/fadeweb.uncoma.edu.ar\/wp-content\/uploads\/2025\/11\/etap1-300x225.jpg 300w, https:\/\/fadeweb.uncoma.edu.ar\/wp-content\/uploads\/2025\/11\/etap1-768x576.jpg 768w, https:\/\/fadeweb.uncoma.edu.ar\/wp-content\/uploads\/2025\/11\/etap1.jpg 1280w\" sizes=\"(max-width: 800px) 100vw, 800px\" \/><\/p>\n<p>El cierre institucional de las pr\u00e1cticas preprofesionales de la c\u00e1tedra Seminario de Servicio Social con Residencia Institucional, realizadas en el Equipo T\u00e9cnico de Apoyo Pedag\u00f3gico Zona I, Nivel Primario de General Roca, se llev\u00f3 a cabo el jueves 13 de noviembre de 2025.<\/p>\n<p>La misma tuvo la participaci\u00f3n de la estudiante residente Bel\u00e9n Manquin, quien desarroll\u00f3 sus actividades en el marco de los lineamientos del Proyecto pedag\u00f3gico supervisi\u00f3n (PES). En primera instancia acompa\u00f1\u00f3 a la escuela N\u00ba286, y luego se incorpor\u00f3 al equipo de manera conjunta, con el objetivo de conocer y reflexionar acerca de las l\u00f3gicas institucionales.<\/p>\n<p>Adem\u00e1s, tuvo la participaci\u00f3n del equipo supervisivo integrado por la supervisora Erika Noemi Guti\u00e9rrez, la pedagoga Dora Villanueva, las trabajadoras sociales Natalia Pino y Emelyn Zu\u00f1iga, y la psic\u00f3loga Valentina Bacigaluppe. Como as\u00ed tambi\u00e9n de los docentes de c\u00e1tedra Cristian G\u00f3mez y Mariela P\u00e9rez, encargados de llevar a cabo la coordinaci\u00f3n y supervisi\u00f3n acad\u00e9mica.<\/p>\n<p>Durante el encuentro se reflexion\u00f3 acerca del proceso compartido, rescatando aspectos significativos como el trabajo interdisciplinar y la importancia de seguir generando redes en conjunto. As\u00ed tambi\u00e9n, los desaf\u00edos que se proponen pensar para futuros residentes, por lo que se abordaron posibles propuestas a considerar, teniendo en cuenta la continuidad de los procesos. En la misma l\u00ednea se se\u00f1al\u00f3 la necesidad de seguir generando y fomentando una educaci\u00f3n inclusiva, garante de derechos.<\/p>\n","protected":false},"excerpt":{"rendered":"<p>El cierre institucional de las pr\u00e1cticas preprofesionales de la c\u00e1tedra Seminario de Servicio Social con Residencia Institucional, realizadas en el Equipo T\u00e9cnico de Apoyo Pedag\u00f3gico Zona I, Nivel Primario de General Roca, se llev\u00f3 a cabo el jueves 13 de noviembre de 2025. La misma tuvo la participaci\u00f3n de la estudiante residente Bel\u00e9n Manquin, quien [&hellip;]<\/p>\n","protected":false},"author":4,"featured_media":27092,"comment_status":"closed","ping_status":"closed","sticky":false,"template":"","format":"standard","meta":{"footnotes":""},"categories":[5],"tags":[],"class_list":["post-27091","post","type-post","status-publish","format-standard","has-post-thumbnail","hentry","category-notifadecs"],"_links":{"self":[{"href":"https:\/\/fadeweb.uncoma.edu.ar\/index.php\/wp-json\/wp\/v2\/posts\/27091","targetHints":{"allow":["GET"]}}],"collection":[{"href":"https:\/\/fadeweb.uncoma.edu.ar\/index.php\/wp-json\/wp\/v2\/posts"}],"about":[{"href":"https:\/\/fadeweb.uncoma.edu.ar\/index.php\/wp-json\/wp\/v2\/types\/post"}],"author":[{"embeddable":true,"href":"https:\/\/fadeweb.uncoma.edu.ar\/index.php\/wp-json\/wp\/v2\/users\/4"}],"replies":[{"embeddable":true,"href":"https:\/\/fadeweb.uncoma.edu.ar\/index.php\/wp-json\/wp\/v2\/comments?post=27091"}],"version-history":[{"count":1,"href":"https:\/\/fadeweb.uncoma.edu.ar\/index.php\/wp-json\/wp\/v2\/posts\/27091\/revisions"}],"predecessor-version":[{"id":27093,"href":"https:\/\/fadeweb.uncoma.edu.ar\/index.php\/wp-json\/wp\/v2\/posts\/27091\/revisions\/27093"}],"wp:featuredmedia":[{"embeddable":true,"href":"https:\/\/fadeweb.uncoma.edu.ar\/index.php\/wp-json\/wp\/v2\/media\/27092"}],"wp:attachment":[{"href":"https:\/\/fadeweb.uncoma.edu.ar\/index.php\/wp-json\/wp\/v2\/media?parent=27091"}],"wp:term":[{"taxonomy":"category","embeddable":true,"href":"https:\/\/fadeweb.uncoma.edu.ar\/index.php\/wp-json\/wp\/v2\/categories?post=27091"},{"taxonomy":"post_tag","embeddable":true,"href":"https:\/\/fadeweb.uncoma.edu.ar\/index.php\/wp-json\/wp\/v2\/tags?post=27091"}],"curies":[{"name":"wp","href":"https:\/\/api.w.org\/{rel}","templated":true}]}}