{"id":26968,"date":"2025-11-10T12:34:24","date_gmt":"2025-11-10T15:34:24","guid":{"rendered":"https:\/\/fadeweb.uncoma.edu.ar\/?p=26968"},"modified":"2025-11-10T12:34:24","modified_gmt":"2025-11-10T15:34:24","slug":"finalizo-el-curso-de-posgrado-en-trabajo-social-pericial-e-intervencion-sociojuridica","status":"publish","type":"post","link":"https:\/\/fadeweb.uncoma.edu.ar\/index.php\/2025\/11\/10\/finalizo-el-curso-de-posgrado-en-trabajo-social-pericial-e-intervencion-sociojuridica\/","title":{"rendered":"FINALIZ\u00d3 EL CURSO DE POSGRADO EN TRABAJO SOCIAL PERICIAL E INTERVENCI\u00d3N SOCIOJUR\u00cdDICA"},"content":{"rendered":"<p><img fetchpriority=\"high\" decoding=\"async\" class=\"alignnone wp-image-26969 size-large\" src=\"https:\/\/fadeweb.uncoma.edu.ar\/wp-content\/uploads\/2025\/11\/Trabajo-Social-Pericial-1024x468.jpg\" alt=\"FINALIZ\u00d3 EL CURSO DE POSGRADO EN TRABAJO SOCIAL PERICIAL E INTERVENCI\u00d3N SOCIOJUR\u00cdDICA\" width=\"800\" height=\"366\" srcset=\"https:\/\/fadeweb.uncoma.edu.ar\/wp-content\/uploads\/2025\/11\/Trabajo-Social-Pericial-1024x468.jpg 1024w, https:\/\/fadeweb.uncoma.edu.ar\/wp-content\/uploads\/2025\/11\/Trabajo-Social-Pericial-300x137.jpg 300w, https:\/\/fadeweb.uncoma.edu.ar\/wp-content\/uploads\/2025\/11\/Trabajo-Social-Pericial-768x351.jpg 768w, https:\/\/fadeweb.uncoma.edu.ar\/wp-content\/uploads\/2025\/11\/Trabajo-Social-Pericial-1536x702.jpg 1536w, https:\/\/fadeweb.uncoma.edu.ar\/wp-content\/uploads\/2025\/11\/Trabajo-Social-Pericial.jpg 1600w\" sizes=\"(max-width: 800px) 100vw, 800px\" \/><\/p>\n<p>El Curso de Posgrado \u00abTrabajo Social Pericial e intervenci\u00f3n socio jur\u00eddica\u00bb finaliz\u00f3 el s\u00e1bado 8 de noviembre, y se dict\u00f3 a partir de la co organizaci\u00f3n entre la Especializaci\u00f3n de Trabajo Social Forense de la FADECS, la Direcci\u00f3n de Posgrado y el Colegio de Trabajadores Sociales de Costa Rica. La capacitaci\u00f3n estuvo a cargo de docentes de la Especializaci\u00f3n en Trabajo Social Forense de nuestra casa, a partir del convenio de cooperaci\u00f3n acad\u00e9mica firmado entre la FADECS y el Colegio de Trabajadores Sociales de Costa Rica.<\/p>\n<p>El Curso iniciado en marzo del corriente a\u00f1o cont\u00f3 con la participaci\u00f3n de los docentes Mag. Mar\u00eda Eugenia Lizola, Mag. Mar\u00eda Cecilia Beit\u00eda, Dra. Suyai Garc\u00eda Gualda, Dra. Mar\u00eda Susana Paponi, Dra. Paula Rodr\u00edguez Zoya, Dr. Marcelo Loaiza, Dr. Osvaldo Marc\u00f3n, Mag. Cristian G\u00f3mez y Dr. Andr\u00e9s Ponce de Le\u00f3n.<\/p>\n<p>Veinticuatro profesionales de trabajo social se encuentran en la etapa de elaboraci\u00f3n del Trabajo Final Integrador y la preparaci\u00f3n de un art\u00edculo que ser\u00e1 incluido en el texto \u00abTrabajo Social Forense y Pr\u00e1ctica Pericial en Costa Rica. Experiencias y reflexiones en intervenciones sociojur\u00eddicas\u00bb. El libro ser\u00e1 publicado el primer semestre del 2026 por la Editorial de la Universidad Estatal a Distancia (UNED), de Costa Rica.<\/p>\n","protected":false},"excerpt":{"rendered":"<p>El Curso de Posgrado \u00abTrabajo Social Pericial e intervenci\u00f3n socio jur\u00eddica\u00bb finaliz\u00f3 el s\u00e1bado 8 de noviembre, y se dict\u00f3 a partir de la co organizaci\u00f3n entre la Especializaci\u00f3n de Trabajo Social Forense de la FADECS, la Direcci\u00f3n de Posgrado y el Colegio de Trabajadores Sociales de Costa Rica. La capacitaci\u00f3n estuvo a cargo de [&hellip;]<\/p>\n","protected":false},"author":4,"featured_media":26969,"comment_status":"closed","ping_status":"closed","sticky":false,"template":"","format":"standard","meta":{"footnotes":""},"categories":[5],"tags":[],"class_list":["post-26968","post","type-post","status-publish","format-standard","has-post-thumbnail","hentry","category-notifadecs"],"_links":{"self":[{"href":"https:\/\/fadeweb.uncoma.edu.ar\/index.php\/wp-json\/wp\/v2\/posts\/26968","targetHints":{"allow":["GET"]}}],"collection":[{"href":"https:\/\/fadeweb.uncoma.edu.ar\/index.php\/wp-json\/wp\/v2\/posts"}],"about":[{"href":"https:\/\/fadeweb.uncoma.edu.ar\/index.php\/wp-json\/wp\/v2\/types\/post"}],"author":[{"embeddable":true,"href":"https:\/\/fadeweb.uncoma.edu.ar\/index.php\/wp-json\/wp\/v2\/users\/4"}],"replies":[{"embeddable":true,"href":"https:\/\/fadeweb.uncoma.edu.ar\/index.php\/wp-json\/wp\/v2\/comments?post=26968"}],"version-history":[{"count":1,"href":"https:\/\/fadeweb.uncoma.edu.ar\/index.php\/wp-json\/wp\/v2\/posts\/26968\/revisions"}],"predecessor-version":[{"id":26979,"href":"https:\/\/fadeweb.uncoma.edu.ar\/index.php\/wp-json\/wp\/v2\/posts\/26968\/revisions\/26979"}],"wp:featuredmedia":[{"embeddable":true,"href":"https:\/\/fadeweb.uncoma.edu.ar\/index.php\/wp-json\/wp\/v2\/media\/26969"}],"wp:attachment":[{"href":"https:\/\/fadeweb.uncoma.edu.ar\/index.php\/wp-json\/wp\/v2\/media?parent=26968"}],"wp:term":[{"taxonomy":"category","embeddable":true,"href":"https:\/\/fadeweb.uncoma.edu.ar\/index.php\/wp-json\/wp\/v2\/categories?post=26968"},{"taxonomy":"post_tag","embeddable":true,"href":"https:\/\/fadeweb.uncoma.edu.ar\/index.php\/wp-json\/wp\/v2\/tags?post=26968"}],"curies":[{"name":"wp","href":"https:\/\/api.w.org\/{rel}","templated":true}]}}