{"id":26966,"date":"2025-11-10T12:46:49","date_gmt":"2025-11-10T15:46:49","guid":{"rendered":"https:\/\/fadeweb.uncoma.edu.ar\/?p=26966"},"modified":"2025-11-10T12:46:49","modified_gmt":"2025-11-10T15:46:49","slug":"trabajo-social-presente-en-el-encuentro-con-adriana-metz-hermana-de-nieto-140","status":"publish","type":"post","link":"https:\/\/fadeweb.uncoma.edu.ar\/index.php\/2025\/11\/10\/trabajo-social-presente-en-el-encuentro-con-adriana-metz-hermana-de-nieto-140\/","title":{"rendered":"TRABAJO SOCIAL, PRESENTE EN EL ENCUENTRO CON ADRIANA METZ, HERMANA DE NIETO 140"},"content":{"rendered":"<p><img fetchpriority=\"high\" decoding=\"async\" class=\"alignnone wp-image-26967 size-large\" src=\"https:\/\/fadeweb.uncoma.edu.ar\/wp-content\/uploads\/2025\/11\/gv1-1024x759.jpg\" alt=\"TRABAJO SOCIAL, PRESENTE EN EL ENCUENTRO CON ADRIANA METZ, HERMANA DE NIETO 140\" width=\"800\" height=\"593\" srcset=\"https:\/\/fadeweb.uncoma.edu.ar\/wp-content\/uploads\/2025\/11\/gv1-1024x759.jpg 1024w, https:\/\/fadeweb.uncoma.edu.ar\/wp-content\/uploads\/2025\/11\/gv1-300x222.jpg 300w, https:\/\/fadeweb.uncoma.edu.ar\/wp-content\/uploads\/2025\/11\/gv1-768x569.jpg 768w, https:\/\/fadeweb.uncoma.edu.ar\/wp-content\/uploads\/2025\/11\/gv1.jpg 1052w\" sizes=\"(max-width: 800px) 100vw, 800px\" \/><\/p>\n<p>El Director de Trabajo Social M\u00f3dulo Neuqu\u00e9n y del Proyecto de Extensi\u00f3n \u00abSembrar Memoria\u00bb, Alejandro Goya Villagr\u00e1n acompa\u00f1\u00f3 la actividad organizada por Red por la Identidad de Cipolletti en el Sal\u00f3n de Usos M\u00faltiples del Barrio Obrero \u00abAbuelas de Plaza de Mayo\u00bb.<\/p>\n<p>En dicha instancia estuvieron presentes vecinos, organizaciones sociales y de Derechos Humanos, en la cual Adriana Metz, hija de desaparecidos oriunda de Cutral C\u00f3, coment\u00f3 la lucha constante y el posterior encuentro con su hermano recientemente encontrado, nieto 140 de Abuelas de Plaza de mayo.<\/p>\n<p>La historia del matrimonio bahiense secuestrado en Cutral C\u00f3 y de su hija Adriana, en b\u00fasqueda del beb\u00e9 apropiado en el centro clandestino del V Cuerpo del Ej\u00e9rcito, atraves\u00f3 todos los juzgamientos desde la reapertura penal de las causas.<\/p>\n","protected":false},"excerpt":{"rendered":"<p>El Director de Trabajo Social M\u00f3dulo Neuqu\u00e9n y del Proyecto de Extensi\u00f3n \u00abSembrar Memoria\u00bb, Alejandro Goya Villagr\u00e1n acompa\u00f1\u00f3 la actividad organizada por Red por la Identidad de Cipolletti en el Sal\u00f3n de Usos M\u00faltiples del Barrio Obrero \u00abAbuelas de Plaza de Mayo\u00bb. En dicha instancia estuvieron presentes vecinos, organizaciones sociales y de Derechos Humanos, en [&hellip;]<\/p>\n","protected":false},"author":4,"featured_media":26967,"comment_status":"closed","ping_status":"closed","sticky":false,"template":"","format":"standard","meta":{"footnotes":""},"categories":[5],"tags":[],"class_list":["post-26966","post","type-post","status-publish","format-standard","has-post-thumbnail","hentry","category-notifadecs"],"_links":{"self":[{"href":"https:\/\/fadeweb.uncoma.edu.ar\/index.php\/wp-json\/wp\/v2\/posts\/26966","targetHints":{"allow":["GET"]}}],"collection":[{"href":"https:\/\/fadeweb.uncoma.edu.ar\/index.php\/wp-json\/wp\/v2\/posts"}],"about":[{"href":"https:\/\/fadeweb.uncoma.edu.ar\/index.php\/wp-json\/wp\/v2\/types\/post"}],"author":[{"embeddable":true,"href":"https:\/\/fadeweb.uncoma.edu.ar\/index.php\/wp-json\/wp\/v2\/users\/4"}],"replies":[{"embeddable":true,"href":"https:\/\/fadeweb.uncoma.edu.ar\/index.php\/wp-json\/wp\/v2\/comments?post=26966"}],"version-history":[{"count":1,"href":"https:\/\/fadeweb.uncoma.edu.ar\/index.php\/wp-json\/wp\/v2\/posts\/26966\/revisions"}],"predecessor-version":[{"id":26983,"href":"https:\/\/fadeweb.uncoma.edu.ar\/index.php\/wp-json\/wp\/v2\/posts\/26966\/revisions\/26983"}],"wp:featuredmedia":[{"embeddable":true,"href":"https:\/\/fadeweb.uncoma.edu.ar\/index.php\/wp-json\/wp\/v2\/media\/26967"}],"wp:attachment":[{"href":"https:\/\/fadeweb.uncoma.edu.ar\/index.php\/wp-json\/wp\/v2\/media?parent=26966"}],"wp:term":[{"taxonomy":"category","embeddable":true,"href":"https:\/\/fadeweb.uncoma.edu.ar\/index.php\/wp-json\/wp\/v2\/categories?post=26966"},{"taxonomy":"post_tag","embeddable":true,"href":"https:\/\/fadeweb.uncoma.edu.ar\/index.php\/wp-json\/wp\/v2\/tags?post=26966"}],"curies":[{"name":"wp","href":"https:\/\/api.w.org\/{rel}","templated":true}]}}