{"id":26884,"date":"2025-11-03T09:55:52","date_gmt":"2025-11-03T12:55:52","guid":{"rendered":"https:\/\/fadeweb.uncoma.edu.ar\/?p=26884"},"modified":"2025-11-03T12:13:14","modified_gmt":"2025-11-03T15:13:14","slug":"comunicado-del-consejo-directivo-de-la-fadecs-no-importa-donde-estaban-como-se-vestian-o-que-hacian-todas-las-vidas-importan","status":"publish","type":"post","link":"https:\/\/fadeweb.uncoma.edu.ar\/index.php\/2025\/11\/03\/comunicado-del-consejo-directivo-de-la-fadecs-no-importa-donde-estaban-como-se-vestian-o-que-hacian-todas-las-vidas-importan\/","title":{"rendered":"Comunicado del Consejo Directivo de la FADECS | NO IMPORTA D\u00d3NDE ESTABAN, C\u00d3MO SE VEST\u00cdAN O QU\u00c9 HAC\u00cdAN: TODAS LAS VIDAS IMPORTAN"},"content":{"rendered":"<p><img fetchpriority=\"high\" decoding=\"async\" class=\"alignnone wp-image-26902 size-large\" src=\"https:\/\/fadeweb.uncoma.edu.ar\/wp-content\/uploads\/2025\/11\/0triple-femicidio-819x1024.jpg\" alt=\"Comunicado del Consejo Directivo de la FADECS | NO IMPORTA D\u00d3NDE ESTABAN, C\u00d3MO SE VEST\u00cdAN O QU\u00c9 HAC\u00cdAN: TODAS LAS VIDAS IMPORTAN\" width=\"800\" height=\"1000\" srcset=\"https:\/\/fadeweb.uncoma.edu.ar\/wp-content\/uploads\/2025\/11\/0triple-femicidio-819x1024.jpg 819w, https:\/\/fadeweb.uncoma.edu.ar\/wp-content\/uploads\/2025\/11\/0triple-femicidio-240x300.jpg 240w, https:\/\/fadeweb.uncoma.edu.ar\/wp-content\/uploads\/2025\/11\/0triple-femicidio-768x960.jpg 768w, https:\/\/fadeweb.uncoma.edu.ar\/wp-content\/uploads\/2025\/11\/0triple-femicidio.jpg 1080w\" sizes=\"(max-width: 800px) 100vw, 800px\" \/><\/p>\n<p>Desde el Consejo Directivo de la Facultad de Derecho y repudiamos el triple femicidio ocurrido en Florencio Varela el pasado 19 de septiembre, un hecho que pone en evidencia una vez m\u00e1s que la violencia de g\u00e9nero en nuestro pa\u00eds no se detiene y que la ausencia de un Estado presente y con pol\u00edticas p\u00fablicas pone en riesgo la vida de millones de mujeres y disidencias.<\/p>\n<p>No se trata de hechos aislados ni de cr\u00edmenes pasionales, sino de la m\u00e1xima expresi\u00f3n de la violencia de g\u00e9nero como problema estructural. En lo que va del 2025, Argentina registra la muerte violenta de una mujer cada 35 horas: en el 80% de los casos, las victimas conoc\u00edan a sus asesinos (eran sus parejas, ex parejas, familiares y conocidos) y el 40% fueron asesinadas en sus propias viviendas. Son datos que revelan una realidad insoportable: la violencia de genero se ejerce muchas veces en los espacios donde deber\u00eda primar el cuidado y la confianza. Se reproduce en los v\u00ednculos m\u00e1s cercanos, sostenida por una cultura que naturaliza la dominaci\u00f3n y la impunidad.<\/p>\n<p>Este contexto se agrava con el desmantelamiento sistem\u00e1tico de pol\u00edticas p\u00fablicas de g\u00e9nero. Desde el 10 de diciembre de 2023, el presupuesto nacional destinado a reducir y erradicar las desigualdades ha sido uno de los principales blancos de la motosierra:<\/p>\n<p>\u2022 Se cerr\u00f3 el Ministerio Nacional de las Mujeres, G\u00e9neros y Diversidad, y la Subsecretaria Nacional de Protecci\u00f3n contra la Violencia de G\u00e9nero.<br \/>\n\u2022 Se redujo el presupuesto para mantener la L\u00ednea 144: La l\u00ednea telef\u00f3nica ofrece informaci\u00f3n, contenci\u00f3n y asesoramiento en tem\u00e1ticas relacionadas a la violencia f\u00edsica, psicol\u00f3gica, sexual, econ\u00f3mica, patrimonial y simb\u00f3lica.<br \/>\n\u2022 Se prohibi\u00f3 la perspectiva de g\u00e9nero en toda la administraci\u00f3n p\u00fablica nacional.<br \/>\n\u2022 Se disolvi\u00f3 el Fondo de Asistencia para Victimas de Trata: Brindaba acompa\u00f1amiento a v\u00edctimas de trata y trabajaba en la restituci\u00f3n de sus derechos.<br \/>\n\u2022 Se cerr\u00f3 el programa Registradas: Promov\u00eda la incorporaci\u00f3n formal al mercado laboral de las trabajadoras de casas particulares.<br \/>\n\u2022 Se cerr\u00f3 el Programa Acercar Derechos: creado para asistir a mujeres y diversidades en situaci\u00f3n de violencia de g\u00e9nero.<br \/>\n\u2022 Se cerr\u00f3 el Registro Nacional de Organizaciones Sociales de G\u00e9nero: ten\u00eda como objetivo sistematizar informaci\u00f3n clave sobre asociaciones que trabajan en la defensa de los derechos de mujeres, personas LGBTI+ y personas trans, para poder mejorar el acompa\u00f1amiento del Estado a aquellas, los recursos y herramientas puestos a su disposici\u00f3n y para fortalecer el trabajo en red.<br \/>\n\u2022 Se redujo el presupuesto del programa Acompa\u00f1ar en un 65%: Consiste en ayudar con acompa\u00f1amiento psicol\u00f3gico y asistencia econ\u00f3mica a las mujeres que est\u00e1n en situaciones de violencia de genero.<br \/>\n\u2022 Se cerr\u00f3 el Instituto Nacional Contra la Discriminaci\u00f3n, la Xenofobia y el Racismo Frente al avance de la violencia machista, el empobrecimiento de las mujeres y disidencias, y la creciente criminalizaci\u00f3n y precarizaci\u00f3n de sus vidas, necesitamos un Estado presente, planificando pol\u00edticas p\u00fablicas, no un Movistar Arena.<\/p>\n<p>Como comunidad acad\u00e9mica formadora de profesionales, no podemos permanecer al margen. Es responsabilidad de una Facultad de Derecho y Ciencias Sociales comprometerse y asumir un rol activo en la erradicaci\u00f3n de las violencias de g\u00e9nero.<\/p>\n<p>No hay universidad p\u00fablica posible sin compromiso con la vida de las mujeres y diversidades.<\/p>\n","protected":false},"excerpt":{"rendered":"<p>Desde el Consejo Directivo de la Facultad de Derecho y repudiamos el triple femicidio ocurrido en Florencio Varela el pasado 19 de septiembre, un hecho que pone en evidencia una vez m\u00e1s que la violencia de g\u00e9nero en nuestro pa\u00eds no se detiene y que la ausencia de un Estado presente y con pol\u00edticas p\u00fablicas [&hellip;]<\/p>\n","protected":false},"author":4,"featured_media":26902,"comment_status":"closed","ping_status":"closed","sticky":false,"template":"","format":"standard","meta":{"footnotes":""},"categories":[5],"tags":[],"class_list":["post-26884","post","type-post","status-publish","format-standard","has-post-thumbnail","hentry","category-notifadecs"],"_links":{"self":[{"href":"https:\/\/fadeweb.uncoma.edu.ar\/index.php\/wp-json\/wp\/v2\/posts\/26884","targetHints":{"allow":["GET"]}}],"collection":[{"href":"https:\/\/fadeweb.uncoma.edu.ar\/index.php\/wp-json\/wp\/v2\/posts"}],"about":[{"href":"https:\/\/fadeweb.uncoma.edu.ar\/index.php\/wp-json\/wp\/v2\/types\/post"}],"author":[{"embeddable":true,"href":"https:\/\/fadeweb.uncoma.edu.ar\/index.php\/wp-json\/wp\/v2\/users\/4"}],"replies":[{"embeddable":true,"href":"https:\/\/fadeweb.uncoma.edu.ar\/index.php\/wp-json\/wp\/v2\/comments?post=26884"}],"version-history":[{"count":3,"href":"https:\/\/fadeweb.uncoma.edu.ar\/index.php\/wp-json\/wp\/v2\/posts\/26884\/revisions"}],"predecessor-version":[{"id":26903,"href":"https:\/\/fadeweb.uncoma.edu.ar\/index.php\/wp-json\/wp\/v2\/posts\/26884\/revisions\/26903"}],"wp:featuredmedia":[{"embeddable":true,"href":"https:\/\/fadeweb.uncoma.edu.ar\/index.php\/wp-json\/wp\/v2\/media\/26902"}],"wp:attachment":[{"href":"https:\/\/fadeweb.uncoma.edu.ar\/index.php\/wp-json\/wp\/v2\/media?parent=26884"}],"wp:term":[{"taxonomy":"category","embeddable":true,"href":"https:\/\/fadeweb.uncoma.edu.ar\/index.php\/wp-json\/wp\/v2\/categories?post=26884"},{"taxonomy":"post_tag","embeddable":true,"href":"https:\/\/fadeweb.uncoma.edu.ar\/index.php\/wp-json\/wp\/v2\/tags?post=26884"}],"curies":[{"name":"wp","href":"https:\/\/api.w.org\/{rel}","templated":true}]}}