{"id":26875,"date":"2025-11-03T09:43:29","date_gmt":"2025-11-03T12:43:29","guid":{"rendered":"https:\/\/fadeweb.uncoma.edu.ar\/?p=26875"},"modified":"2025-11-03T12:08:32","modified_gmt":"2025-11-03T15:08:32","slug":"conferencia-magistral-del-profesor-adolfo-alvarado-velloso-en-la-fadecs-2","status":"publish","type":"post","link":"https:\/\/fadeweb.uncoma.edu.ar\/index.php\/2025\/11\/03\/conferencia-magistral-del-profesor-adolfo-alvarado-velloso-en-la-fadecs-2\/","title":{"rendered":"CONFERENCIA MAGISTRAL DEL PROFESOR ADOLFO ALVARADO VELLOSO EN LA FADECS"},"content":{"rendered":"<p><img fetchpriority=\"high\" decoding=\"async\" class=\"alignnone wp-image-26898 size-large\" src=\"https:\/\/fadeweb.uncoma.edu.ar\/wp-content\/uploads\/2025\/11\/alvarado-velloso-819x1024.jpg\" alt=\"CONFERENCIA MAGISTRAL DEL PROFESOR ADOLFO ALVARADO VELLOSO EN LA FADECS\" width=\"800\" height=\"1000\" srcset=\"https:\/\/fadeweb.uncoma.edu.ar\/wp-content\/uploads\/2025\/11\/alvarado-velloso-819x1024.jpg 819w, https:\/\/fadeweb.uncoma.edu.ar\/wp-content\/uploads\/2025\/11\/alvarado-velloso-240x300.jpg 240w, https:\/\/fadeweb.uncoma.edu.ar\/wp-content\/uploads\/2025\/11\/alvarado-velloso-768x960.jpg 768w, https:\/\/fadeweb.uncoma.edu.ar\/wp-content\/uploads\/2025\/11\/alvarado-velloso.jpg 1080w\" sizes=\"(max-width: 800px) 100vw, 800px\" \/><br \/>\nEn el marco del Curso de Actualizaci\u00f3n en Derecho Procesal Civil, organizado por el Colegio de Abogados \u201cGeneral Roca\u201d junto con la C\u00e1tedra de Derecho Procesal Civil de la Facultad de Derecho y Ciencias Sociales de la Universidad Nacional del Comahue, el profesor Adolfo Alvarado Velloso dictar\u00e1 una conferencia magistral el jueves 6 de noviembre a las 18:30 horas en el Aula Magna de nuestra casa de estudios.<\/p>\n<p>Ser\u00e1 una excelente oportunidad para compartir un espacio acad\u00e9mico con uno de los maestros y juristas m\u00e1s destacados del Derecho Procesal, reconocido por su vasta trayectoria y sus valiosas contribuciones a la ciencia jur\u00eddica.<\/p>\n<p>La actividad es presencial y abierta a cursantes del programa, abogados\/as en general y estudiantes de la Facultad de Derecho y Ciencias Sociales de la UNCo.<\/p>\n","protected":false},"excerpt":{"rendered":"<p>En el marco del Curso de Actualizaci\u00f3n en Derecho Procesal Civil, organizado por el Colegio de Abogados \u201cGeneral Roca\u201d junto con la C\u00e1tedra de Derecho Procesal Civil de la Facultad de Derecho y Ciencias Sociales de la Universidad Nacional del Comahue, el profesor Adolfo Alvarado Velloso dictar\u00e1 una conferencia magistral el jueves 6 de noviembre [&hellip;]<\/p>\n","protected":false},"author":4,"featured_media":26898,"comment_status":"closed","ping_status":"closed","sticky":false,"template":"","format":"standard","meta":{"footnotes":""},"categories":[5],"tags":[],"class_list":["post-26875","post","type-post","status-publish","format-standard","has-post-thumbnail","hentry","category-notifadecs"],"_links":{"self":[{"href":"https:\/\/fadeweb.uncoma.edu.ar\/index.php\/wp-json\/wp\/v2\/posts\/26875","targetHints":{"allow":["GET"]}}],"collection":[{"href":"https:\/\/fadeweb.uncoma.edu.ar\/index.php\/wp-json\/wp\/v2\/posts"}],"about":[{"href":"https:\/\/fadeweb.uncoma.edu.ar\/index.php\/wp-json\/wp\/v2\/types\/post"}],"author":[{"embeddable":true,"href":"https:\/\/fadeweb.uncoma.edu.ar\/index.php\/wp-json\/wp\/v2\/users\/4"}],"replies":[{"embeddable":true,"href":"https:\/\/fadeweb.uncoma.edu.ar\/index.php\/wp-json\/wp\/v2\/comments?post=26875"}],"version-history":[{"count":3,"href":"https:\/\/fadeweb.uncoma.edu.ar\/index.php\/wp-json\/wp\/v2\/posts\/26875\/revisions"}],"predecessor-version":[{"id":26900,"href":"https:\/\/fadeweb.uncoma.edu.ar\/index.php\/wp-json\/wp\/v2\/posts\/26875\/revisions\/26900"}],"wp:featuredmedia":[{"embeddable":true,"href":"https:\/\/fadeweb.uncoma.edu.ar\/index.php\/wp-json\/wp\/v2\/media\/26898"}],"wp:attachment":[{"href":"https:\/\/fadeweb.uncoma.edu.ar\/index.php\/wp-json\/wp\/v2\/media?parent=26875"}],"wp:term":[{"taxonomy":"category","embeddable":true,"href":"https:\/\/fadeweb.uncoma.edu.ar\/index.php\/wp-json\/wp\/v2\/categories?post=26875"},{"taxonomy":"post_tag","embeddable":true,"href":"https:\/\/fadeweb.uncoma.edu.ar\/index.php\/wp-json\/wp\/v2\/tags?post=26875"}],"curies":[{"name":"wp","href":"https:\/\/api.w.org\/{rel}","templated":true}]}}