{"id":26755,"date":"2025-10-22T09:04:31","date_gmt":"2025-10-22T12:04:31","guid":{"rendered":"https:\/\/fadeweb.uncoma.edu.ar\/?p=26755"},"modified":"2025-10-22T09:04:31","modified_gmt":"2025-10-22T12:04:31","slug":"antena-libre-realizara-una-cobertura-colectiva-de-las-elecciones-del-26-de-octubre","status":"publish","type":"post","link":"https:\/\/fadeweb.uncoma.edu.ar\/index.php\/2025\/10\/22\/antena-libre-realizara-una-cobertura-colectiva-de-las-elecciones-del-26-de-octubre\/","title":{"rendered":"ANTENA LIBRE REALIZAR\u00c1 UNA COBERTURA COLECTIVA DE LAS ELECCIONES DEL 26 DE OCTUBRE"},"content":{"rendered":"<p><img fetchpriority=\"high\" decoding=\"async\" class=\"alignnone size-large wp-image-26756\" src=\"https:\/\/fadeweb.uncoma.edu.ar\/wp-content\/uploads\/2025\/10\/voto-819x1024.jpeg\" alt=\"ANTENA LIBRE REALIZAR\u00c1 UNA COBERTURA COLECTIVA DE LAS ELECCIONES DEL 26 DE OCTUBRE\" width=\"800\" height=\"1000\" srcset=\"https:\/\/fadeweb.uncoma.edu.ar\/wp-content\/uploads\/2025\/10\/voto-819x1024.jpeg 819w, https:\/\/fadeweb.uncoma.edu.ar\/wp-content\/uploads\/2025\/10\/voto-240x300.jpeg 240w, https:\/\/fadeweb.uncoma.edu.ar\/wp-content\/uploads\/2025\/10\/voto-768x960.jpeg 768w, https:\/\/fadeweb.uncoma.edu.ar\/wp-content\/uploads\/2025\/10\/voto.jpeg 1080w\" sizes=\"(max-width: 800px) 100vw, 800px\" \/><\/p>\n<p>Este domingo 26 de octubre, Radio Antena Libre llevar\u00e1 adelante una transmisi\u00f3n especial en el marco de las elecciones generales, reafirmando su compromiso con el derecho a la comunicaci\u00f3n y el fortalecimiento de la vida democr\u00e1tica.<\/p>\n<p>Con la denominaci\u00f3n \u201cVoto y Futuro\u201d, desde las 17 y hasta cerca de las 23 horas, podr\u00e1 seguirse la audici\u00f3n a trav\u00e9s del 89.1 del dial en General Roca &#8211; Fiske Menuco (R\u00edo Negro) y tambi\u00e9n por streaming en www.antena-libre.com.ar. La propuesta incluir\u00e1 boletines informativos cada media hora, m\u00f3viles desde distintos puntos de la ciudad, entrevistas, materiales preproducidos, y columnas de an\u00e1lisis pol\u00edtico y social, como ya es tradici\u00f3n en la emisora universitaria de la Facultad de Derecho y Ciencias Sociales (UNCo).<\/p>\n<p>La transmisi\u00f3n contar\u00e1 con la participaci\u00f3n activa de m\u00e1s de diez estudiantes de la carrera de Comunicaci\u00f3n Social, quienes asumir\u00e1n roles de conducci\u00f3n, m\u00f3viles, producci\u00f3n, locuci\u00f3n y redacci\u00f3n informativa. Estas tareas estar\u00e1n coordinadas por el equipo profesional de la radio, conformado por Omar Gonz\u00e1lez, Carlos Castillo, Ricardo Peinado y Rita Bustos, y se constituir\u00e1 como una valiosa experiencia pre-profesional para las y los estudiantes que, en condiciones reales de emisi\u00f3n, podr\u00e1n poner en juego saberes y herramientas construidos a lo largo de su formaci\u00f3n.<\/p>\n<p>Adem\u00e1s, como parte del enfoque federal de la cobertura, habr\u00e1 contacto con radios universitarias de distintas regiones del pa\u00eds, lo que permitir\u00e1 seguir de cerca c\u00f3mo se desarrollan los comicios en diferentes distritos.<\/p>\n<p>Una vez m\u00e1s, Antena Libre se posiciona como medio p\u00fablico y universitario comprometido con el ejercicio del periodismo responsable, el acceso a la informaci\u00f3n y el derecho a la participaci\u00f3n ciudadana. Una invitaci\u00f3n abierta a sintonizar, reflexionar y acompa\u00f1ar esta jornada clave para la democracia.<\/p>\n","protected":false},"excerpt":{"rendered":"<p>Este domingo 26 de octubre, Radio Antena Libre llevar\u00e1 adelante una transmisi\u00f3n especial en el marco de las elecciones generales, reafirmando su compromiso con el derecho a la comunicaci\u00f3n y el fortalecimiento de la vida democr\u00e1tica. Con la denominaci\u00f3n \u201cVoto y Futuro\u201d, desde las 17 y hasta cerca de las 23 horas, podr\u00e1 seguirse la [&hellip;]<\/p>\n","protected":false},"author":4,"featured_media":26756,"comment_status":"closed","ping_status":"closed","sticky":false,"template":"","format":"standard","meta":{"footnotes":""},"categories":[5],"tags":[],"class_list":["post-26755","post","type-post","status-publish","format-standard","has-post-thumbnail","hentry","category-notifadecs"],"_links":{"self":[{"href":"https:\/\/fadeweb.uncoma.edu.ar\/index.php\/wp-json\/wp\/v2\/posts\/26755","targetHints":{"allow":["GET"]}}],"collection":[{"href":"https:\/\/fadeweb.uncoma.edu.ar\/index.php\/wp-json\/wp\/v2\/posts"}],"about":[{"href":"https:\/\/fadeweb.uncoma.edu.ar\/index.php\/wp-json\/wp\/v2\/types\/post"}],"author":[{"embeddable":true,"href":"https:\/\/fadeweb.uncoma.edu.ar\/index.php\/wp-json\/wp\/v2\/users\/4"}],"replies":[{"embeddable":true,"href":"https:\/\/fadeweb.uncoma.edu.ar\/index.php\/wp-json\/wp\/v2\/comments?post=26755"}],"version-history":[{"count":1,"href":"https:\/\/fadeweb.uncoma.edu.ar\/index.php\/wp-json\/wp\/v2\/posts\/26755\/revisions"}],"predecessor-version":[{"id":26757,"href":"https:\/\/fadeweb.uncoma.edu.ar\/index.php\/wp-json\/wp\/v2\/posts\/26755\/revisions\/26757"}],"wp:featuredmedia":[{"embeddable":true,"href":"https:\/\/fadeweb.uncoma.edu.ar\/index.php\/wp-json\/wp\/v2\/media\/26756"}],"wp:attachment":[{"href":"https:\/\/fadeweb.uncoma.edu.ar\/index.php\/wp-json\/wp\/v2\/media?parent=26755"}],"wp:term":[{"taxonomy":"category","embeddable":true,"href":"https:\/\/fadeweb.uncoma.edu.ar\/index.php\/wp-json\/wp\/v2\/categories?post=26755"},{"taxonomy":"post_tag","embeddable":true,"href":"https:\/\/fadeweb.uncoma.edu.ar\/index.php\/wp-json\/wp\/v2\/tags?post=26755"}],"curies":[{"name":"wp","href":"https:\/\/api.w.org\/{rel}","templated":true}]}}