{"id":26727,"date":"2025-10-16T13:57:35","date_gmt":"2025-10-16T16:57:35","guid":{"rendered":"https:\/\/fadeweb.uncoma.edu.ar\/?p=26727"},"modified":"2025-10-16T13:57:35","modified_gmt":"2025-10-16T16:57:35","slug":"xiv-jornadas-nacionales-de-abogadas-en-patagonia-destacan-igualdad-y-perspectiva-de-genero","status":"publish","type":"post","link":"https:\/\/fadeweb.uncoma.edu.ar\/index.php\/2025\/10\/16\/xiv-jornadas-nacionales-de-abogadas-en-patagonia-destacan-igualdad-y-perspectiva-de-genero\/","title":{"rendered":"XIV JORNADAS NACIONALES DE ABOGADAS EN PATAGONIA DESTACAN IGUALDAD Y PERSPECTIVA DE G\u00c9NERO"},"content":{"rendered":"<p><img fetchpriority=\"high\" decoding=\"async\" class=\"alignnone size-large wp-image-26728\" src=\"https:\/\/fadeweb.uncoma.edu.ar\/wp-content\/uploads\/2025\/10\/faca3-1024x683.jpg\" alt=\"XIV JORNADAS NACIONALES DE ABOGADAS EN PATAGONIA DESTACAN IGUALDAD Y PERSPECTIVA DE G\u00c9NERO\" width=\"800\" height=\"534\" srcset=\"https:\/\/fadeweb.uncoma.edu.ar\/wp-content\/uploads\/2025\/10\/faca3-1024x683.jpg 1024w, https:\/\/fadeweb.uncoma.edu.ar\/wp-content\/uploads\/2025\/10\/faca3-300x200.jpg 300w, https:\/\/fadeweb.uncoma.edu.ar\/wp-content\/uploads\/2025\/10\/faca3-768x512.jpg 768w, https:\/\/fadeweb.uncoma.edu.ar\/wp-content\/uploads\/2025\/10\/faca3-1536x1024.jpg 1536w, https:\/\/fadeweb.uncoma.edu.ar\/wp-content\/uploads\/2025\/10\/faca3.jpg 1920w\" sizes=\"(max-width: 800px) 100vw, 800px\" \/><\/p>\n<p>Se desarrollan en la FADECS las XIV Jornadas Nacionales de Abogadas de la Federaci\u00f3n Argentina de Colegios de Abogados Defender y Juzgar con Perspectiva de G\u00e9nero A 30 a\u00f1os de la Plataforma de Acci\u00f3n de Beijing. El encuentro comenz\u00f3 este jueves 16 y finaliza el viernes al mediod\u00eda con un amplio programa de expositores del pa\u00eds y del exterior.<\/p>\n<p>La mesa de apertura estuvo integrada por el decano de la FADECS Juan Carlos Fern\u00e1ndez, la presidenta de la FACA Mariel Tschieder, la directora de la Comisi\u00f3n de los Derechos de la Mujer de la Federaci\u00f3n Mar\u00eda Elena Barbagelata y el Presidente del Colegio de Abogados y Abogados de General Roca Carlos Gadano. En tanto que las presentaciones formales estuvieron a cargo de Ra\u00fal Franco, secretario Acad\u00e9mico de la FADECS y secretario acad\u00e9mico de la FACA.<\/p>\n<p>El p\u00fablico asistente est\u00e1 integrado por estudiantes de la c\u00e1tedra de Familia de la FADECS, profesionales del Instituto de Familia del Colegio de Abogadas y Abogados General Roca, y abogadas y abogados de R\u00edo Negro y de distintas provincias del pa\u00eds. Entre las expositoras cabe mencionar a las profesoras Moira Revsin y Mar\u00eda In\u00e9s Garc\u00eda de la FADECS, as\u00ed como profesoras y abogadas de Bariloche, Santa Fe, San Juan, Tierra del Fuego, Tucum\u00e1n, CABA, Mendoza, Jujuy, Buenos Aires y Brasil.<\/p>\n<p>Las palabras de apertura pusieron \u00e9nfasis en el esfuerzo del Colegio de Abogadas y Abogados de General Roca y de la FADECS por recibir a las autoridades de la FACA para la realizaci\u00f3n, por primera vez en la Patagonia, de estas XIV Jornadas. Hubo un reconocimiento al nivel acad\u00e9mico de las expositoras y a la convicci\u00f3n de las mujeres de la Federaci\u00f3n, que trabajan por la consagraci\u00f3n definitiva del derecho humano de igualdad de las mujeres.<\/p>\n<p>Esta es una oportunidad para compartir experiencias entre colegas y para poner de relieve la importancia de militar una abogac\u00eda con justicia social, perspectiva de g\u00e9nero e igualdad para hombres y mujeres. En este sentido, el decano Fern\u00e1ndez dijo que \u00abel derecho jur\u00eddico est\u00e1 cambiando profunda y radicalmente y nosotros en la facultad tenemos que revisar las formas y los contenidos que ense\u00f1amos. La abogac\u00eda organizada va a ser tambi\u00e9n una gran viabilizador institucional en este proceso de transformaci\u00f3n radical\u00bb.<\/p>\n<p>Al cerrar las palabras de apertura por parte de los integrantes de la mesa, la FACA hizo entrega de una placa en reconocimiento a Carlos Gadano, presidente del anfitri\u00f3n Colegio de Abogadas y Abogados General Roca.<\/p>\n","protected":false},"excerpt":{"rendered":"<p>Se desarrollan en la FADECS las XIV Jornadas Nacionales de Abogadas de la Federaci\u00f3n Argentina de Colegios de Abogados Defender y Juzgar con Perspectiva de G\u00e9nero A 30 a\u00f1os de la Plataforma de Acci\u00f3n de Beijing. El encuentro comenz\u00f3 este jueves 16 y finaliza el viernes al mediod\u00eda con un amplio programa de expositores del [&hellip;]<\/p>\n","protected":false},"author":4,"featured_media":26728,"comment_status":"closed","ping_status":"closed","sticky":false,"template":"","format":"standard","meta":{"footnotes":""},"categories":[5],"tags":[],"class_list":["post-26727","post","type-post","status-publish","format-standard","has-post-thumbnail","hentry","category-notifadecs"],"_links":{"self":[{"href":"https:\/\/fadeweb.uncoma.edu.ar\/index.php\/wp-json\/wp\/v2\/posts\/26727","targetHints":{"allow":["GET"]}}],"collection":[{"href":"https:\/\/fadeweb.uncoma.edu.ar\/index.php\/wp-json\/wp\/v2\/posts"}],"about":[{"href":"https:\/\/fadeweb.uncoma.edu.ar\/index.php\/wp-json\/wp\/v2\/types\/post"}],"author":[{"embeddable":true,"href":"https:\/\/fadeweb.uncoma.edu.ar\/index.php\/wp-json\/wp\/v2\/users\/4"}],"replies":[{"embeddable":true,"href":"https:\/\/fadeweb.uncoma.edu.ar\/index.php\/wp-json\/wp\/v2\/comments?post=26727"}],"version-history":[{"count":1,"href":"https:\/\/fadeweb.uncoma.edu.ar\/index.php\/wp-json\/wp\/v2\/posts\/26727\/revisions"}],"predecessor-version":[{"id":26729,"href":"https:\/\/fadeweb.uncoma.edu.ar\/index.php\/wp-json\/wp\/v2\/posts\/26727\/revisions\/26729"}],"wp:featuredmedia":[{"embeddable":true,"href":"https:\/\/fadeweb.uncoma.edu.ar\/index.php\/wp-json\/wp\/v2\/media\/26728"}],"wp:attachment":[{"href":"https:\/\/fadeweb.uncoma.edu.ar\/index.php\/wp-json\/wp\/v2\/media?parent=26727"}],"wp:term":[{"taxonomy":"category","embeddable":true,"href":"https:\/\/fadeweb.uncoma.edu.ar\/index.php\/wp-json\/wp\/v2\/categories?post=26727"},{"taxonomy":"post_tag","embeddable":true,"href":"https:\/\/fadeweb.uncoma.edu.ar\/index.php\/wp-json\/wp\/v2\/tags?post=26727"}],"curies":[{"name":"wp","href":"https:\/\/api.w.org\/{rel}","templated":true}]}}