{"id":26685,"date":"2025-10-13T08:39:57","date_gmt":"2025-10-13T11:39:57","guid":{"rendered":"https:\/\/fadeweb.uncoma.edu.ar\/?p=26685"},"modified":"2025-10-13T08:39:57","modified_gmt":"2025-10-13T11:39:57","slug":"felicitaciones-al-companero-no-docente-sebastian-salvo-tecnico-en-gestion-y-administracion-de-universidades","status":"publish","type":"post","link":"https:\/\/fadeweb.uncoma.edu.ar\/index.php\/2025\/10\/13\/felicitaciones-al-companero-no-docente-sebastian-salvo-tecnico-en-gestion-y-administracion-de-universidades\/","title":{"rendered":"FELICITACIONES AL COMPA\u00d1ERO NO DOCENTE SEBASTIAN SALVO TECNICO EN GESTION Y ADMINISTRACION DE UNIVERSIDADES"},"content":{"rendered":"<p><img fetchpriority=\"high\" decoding=\"async\" class=\"wp-image-26686 alignleft\" src=\"https:\/\/fadeweb.uncoma.edu.ar\/wp-content\/uploads\/2025\/10\/Sebastian-Salvo-225x300.jpeg\" alt=\"\" width=\"800\" height=\"1067\" srcset=\"https:\/\/fadeweb.uncoma.edu.ar\/wp-content\/uploads\/2025\/10\/Sebastian-Salvo-225x300.jpeg 225w, https:\/\/fadeweb.uncoma.edu.ar\/wp-content\/uploads\/2025\/10\/Sebastian-Salvo-768x1024.jpeg 768w, https:\/\/fadeweb.uncoma.edu.ar\/wp-content\/uploads\/2025\/10\/Sebastian-Salvo.jpeg 960w\" sizes=\"(max-width: 800px) 100vw, 800px\" \/><\/p>\n<p>La Facultad de Derecho y Ciencias Sociales se enorgullece en comunicar que el compa\u00f1ero no docente Sebasti\u00e1n Salvo, jefe del \u00e1rea de Posgrado, ha\u00a0 finalizado con \u00e9xito la Tecnicatura en Gesti\u00f3n y Administraci\u00f3n de Universidades.<\/p>\n<p>&nbsp;<\/p>\n<p>Este logro acad\u00e9mico representa un significativo aporte a su trayectoria profesional y reafirma su compromiso con la mejora continua de los procesos de gesti\u00f3n universitaria. La formaci\u00f3n alcanzada se suma a su destacada labor institucional, fortaleciendo las capacidades estrat\u00e9gicas y operativas que impulsa desde su rol.<\/p>\n<p>&nbsp;<\/p>\n<p>Asimismo, se agradece especialmente a la Nodocente Ver\u00f3nica Mercado por su acompa\u00f1amiento como tutora durante el desarrollo de la tecnicatura, reconociendo su compromiso, dedicaci\u00f3n y valioso aporte al proceso formativo.<\/p>\n<p>&nbsp;<\/p>\n<p>Desde FADECS felicitamos a Sebasti\u00e1n\u00a0 y renovamos nuestro reconocimiento por la vocaci\u00f3n, responsabilidad y b\u00fasqueda de excelencia en el \u00e1mbito de la educaci\u00f3n superior p\u00fablica.<\/p>\n","protected":false},"excerpt":{"rendered":"<p>La Facultad de Derecho y Ciencias Sociales se enorgullece en comunicar que el compa\u00f1ero no docente Sebasti\u00e1n Salvo, jefe del \u00e1rea de Posgrado, ha\u00a0 finalizado con \u00e9xito la Tecnicatura en Gesti\u00f3n y Administraci\u00f3n de Universidades. &nbsp; Este logro acad\u00e9mico representa un significativo aporte a su trayectoria profesional y reafirma su compromiso con la mejora continua [&hellip;]<\/p>\n","protected":false},"author":3,"featured_media":26686,"comment_status":"closed","ping_status":"closed","sticky":false,"template":"","format":"standard","meta":{"footnotes":""},"categories":[5],"tags":[],"class_list":["post-26685","post","type-post","status-publish","format-standard","has-post-thumbnail","hentry","category-notifadecs"],"_links":{"self":[{"href":"https:\/\/fadeweb.uncoma.edu.ar\/index.php\/wp-json\/wp\/v2\/posts\/26685","targetHints":{"allow":["GET"]}}],"collection":[{"href":"https:\/\/fadeweb.uncoma.edu.ar\/index.php\/wp-json\/wp\/v2\/posts"}],"about":[{"href":"https:\/\/fadeweb.uncoma.edu.ar\/index.php\/wp-json\/wp\/v2\/types\/post"}],"author":[{"embeddable":true,"href":"https:\/\/fadeweb.uncoma.edu.ar\/index.php\/wp-json\/wp\/v2\/users\/3"}],"replies":[{"embeddable":true,"href":"https:\/\/fadeweb.uncoma.edu.ar\/index.php\/wp-json\/wp\/v2\/comments?post=26685"}],"version-history":[{"count":1,"href":"https:\/\/fadeweb.uncoma.edu.ar\/index.php\/wp-json\/wp\/v2\/posts\/26685\/revisions"}],"predecessor-version":[{"id":26687,"href":"https:\/\/fadeweb.uncoma.edu.ar\/index.php\/wp-json\/wp\/v2\/posts\/26685\/revisions\/26687"}],"wp:featuredmedia":[{"embeddable":true,"href":"https:\/\/fadeweb.uncoma.edu.ar\/index.php\/wp-json\/wp\/v2\/media\/26686"}],"wp:attachment":[{"href":"https:\/\/fadeweb.uncoma.edu.ar\/index.php\/wp-json\/wp\/v2\/media?parent=26685"}],"wp:term":[{"taxonomy":"category","embeddable":true,"href":"https:\/\/fadeweb.uncoma.edu.ar\/index.php\/wp-json\/wp\/v2\/categories?post=26685"},{"taxonomy":"post_tag","embeddable":true,"href":"https:\/\/fadeweb.uncoma.edu.ar\/index.php\/wp-json\/wp\/v2\/tags?post=26685"}],"curies":[{"name":"wp","href":"https:\/\/api.w.org\/{rel}","templated":true}]}}