{"id":26553,"date":"2025-09-25T14:20:09","date_gmt":"2025-09-25T17:20:09","guid":{"rendered":"https:\/\/fadeweb.uncoma.edu.ar\/?p=26553"},"modified":"2025-09-25T14:20:09","modified_gmt":"2025-09-25T17:20:09","slug":"presentaran-libro-homenaje-a-profesor-de-fadecs-unco-en-congreso-latinoamericano","status":"publish","type":"post","link":"https:\/\/fadeweb.uncoma.edu.ar\/index.php\/2025\/09\/25\/presentaran-libro-homenaje-a-profesor-de-fadecs-unco-en-congreso-latinoamericano\/","title":{"rendered":"PRESENTAR\u00c1N LIBRO HOMENAJE A PROFESOR DE FADECS-UNCO EN CONGRESO LATINOAMERICANO"},"content":{"rendered":"<p><img fetchpriority=\"high\" decoding=\"async\" class=\"alignnone wp-image-26554\" src=\"https:\/\/fadeweb.uncoma.edu.ar\/wp-content\/uploads\/2025\/09\/copertina-completa-in-PDF-copia.jpg\" alt=\"PRESENTAR\u00c1N LIBRO HOMENAJE A PROFESOR DE FADECS-UNCO EN CONGRESO LATINOAMERICANO\" width=\"400\" height=\"600\" srcset=\"https:\/\/fadeweb.uncoma.edu.ar\/wp-content\/uploads\/2025\/09\/copertina-completa-in-PDF-copia.jpg 451w, https:\/\/fadeweb.uncoma.edu.ar\/wp-content\/uploads\/2025\/09\/copertina-completa-in-PDF-copia-200x300.jpg 200w\" sizes=\"(max-width: 400px) 100vw, 400px\" \/><\/p>\n<p>El V Congreso Latinoamericano de Derecho, Memoria, Democracia y Cr\u00edmenes de Lesa Humanidad se celebrar\u00e1 los d\u00edas 29, 30 y 31 de octubre de 2025, con reuniones de grupos de trabajo el 1 de noviembre en Belo Horizonte, en el campus de la PUC Minas Lourdes. El tema central del congreso es \u00abLa Rep\u00fablica y el Pueblo: Derechos Constitucionales y Soberan\u00eda en Os Sert\u00f5es de Euclides da Cunha\u00bb, y contar\u00e1 con ponentes nacionales e internacionales, paneles tem\u00e1ticos, presentaciones de ponencias y presentaciones de libros.<\/p>\n<p>El programa de actividades incluye la presentaci\u00f3n, el jueves 30 de octubre, del libro \u201cJerarqu\u00edas Enredadas: V\u00ednculos, l\u00edmites y paradojas del derecho y de la decisi\u00f3n judicial \u2013 Homenaje a Jorge Douglas Price\u201d (Editora Dial\u00e9tica, San Pablo). El texto fue organizado por los profesores Javier Espinoza de los Monteros (Univ. An\u00e1huac, M\u00e9xico), Raffaele De Giorgi (Universidad del Salento, Italia) y Lucas de Alvarenga Gontijo (Pontificia Universidad Cat\u00f3lica de Minas Gerais, Brasil), y centrado en algunas de las inquietudes y preocupaciones intelectuales en el pensamiento jur\u00eddico del profesor de FADECS-UNCo.<\/p>\n<p>La obra aborda temas como la \u00abdecisi\u00f3n judicial\u00bb, la \u00abfilosof\u00eda\u00bb y la \u00absociolog\u00eda del derecho\u00bb, en resumen condensa ideas, pensamientos, experiencias te\u00f3ricas y reflexiones en torno a tales tem\u00e1ticas que son los intereses te\u00f3ricos de Jorge Eduardo Douglas Price y que sus amigos comparten con \u00e9l. \u00abLas reflexiones que se desarrollan no utilizan las cl\u00e1sicas descripciones del derecho, de sus sem\u00e1nticas, de las formas en que, generalmente los juristas se hacen representaciones de la realidad. Aqu\u00ed muestran las paradojas, la incertidumbre, la contingencia, la artificialidad y la ausencia de verdad en el derecho y en lo espec\u00edfico en la decisi\u00f3n judicial. Es decir, este libro pretende generar otras descripciones, otras alternativas de observaci\u00f3n\u00bb.<\/p>\n","protected":false},"excerpt":{"rendered":"<p>El V Congreso Latinoamericano de Derecho, Memoria, Democracia y Cr\u00edmenes de Lesa Humanidad se celebrar\u00e1 los d\u00edas 29, 30 y 31 de octubre de 2025, con reuniones de grupos de trabajo el 1 de noviembre en Belo Horizonte, en el campus de la PUC Minas Lourdes. El tema central del congreso es \u00abLa Rep\u00fablica y [&hellip;]<\/p>\n","protected":false},"author":4,"featured_media":26554,"comment_status":"closed","ping_status":"closed","sticky":false,"template":"","format":"standard","meta":{"footnotes":""},"categories":[5],"tags":[],"class_list":["post-26553","post","type-post","status-publish","format-standard","has-post-thumbnail","hentry","category-notifadecs"],"_links":{"self":[{"href":"https:\/\/fadeweb.uncoma.edu.ar\/index.php\/wp-json\/wp\/v2\/posts\/26553","targetHints":{"allow":["GET"]}}],"collection":[{"href":"https:\/\/fadeweb.uncoma.edu.ar\/index.php\/wp-json\/wp\/v2\/posts"}],"about":[{"href":"https:\/\/fadeweb.uncoma.edu.ar\/index.php\/wp-json\/wp\/v2\/types\/post"}],"author":[{"embeddable":true,"href":"https:\/\/fadeweb.uncoma.edu.ar\/index.php\/wp-json\/wp\/v2\/users\/4"}],"replies":[{"embeddable":true,"href":"https:\/\/fadeweb.uncoma.edu.ar\/index.php\/wp-json\/wp\/v2\/comments?post=26553"}],"version-history":[{"count":1,"href":"https:\/\/fadeweb.uncoma.edu.ar\/index.php\/wp-json\/wp\/v2\/posts\/26553\/revisions"}],"predecessor-version":[{"id":26555,"href":"https:\/\/fadeweb.uncoma.edu.ar\/index.php\/wp-json\/wp\/v2\/posts\/26553\/revisions\/26555"}],"wp:featuredmedia":[{"embeddable":true,"href":"https:\/\/fadeweb.uncoma.edu.ar\/index.php\/wp-json\/wp\/v2\/media\/26554"}],"wp:attachment":[{"href":"https:\/\/fadeweb.uncoma.edu.ar\/index.php\/wp-json\/wp\/v2\/media?parent=26553"}],"wp:term":[{"taxonomy":"category","embeddable":true,"href":"https:\/\/fadeweb.uncoma.edu.ar\/index.php\/wp-json\/wp\/v2\/categories?post=26553"},{"taxonomy":"post_tag","embeddable":true,"href":"https:\/\/fadeweb.uncoma.edu.ar\/index.php\/wp-json\/wp\/v2\/tags?post=26553"}],"curies":[{"name":"wp","href":"https:\/\/api.w.org\/{rel}","templated":true}]}}