{"id":26540,"date":"2025-09-25T13:31:20","date_gmt":"2025-09-25T16:31:20","guid":{"rendered":"https:\/\/fadeweb.uncoma.edu.ar\/?p=26540"},"modified":"2025-09-25T13:31:20","modified_gmt":"2025-09-25T16:31:20","slug":"justifican-la-inasistencia-a-clases-por-movilizacion","status":"publish","type":"post","link":"https:\/\/fadeweb.uncoma.edu.ar\/index.php\/2025\/09\/25\/justifican-la-inasistencia-a-clases-por-movilizacion\/","title":{"rendered":"JUSTIFICAN LA INASISTENCIA A CLASES POR MOVILIZACI\u00d3N"},"content":{"rendered":"<p><img fetchpriority=\"high\" decoding=\"async\" class=\"alignnone wp-image-26548\" src=\"https:\/\/fadeweb.uncoma.edu.ar\/wp-content\/uploads\/2025\/09\/INASISTENCIAS-819x1024.jpg\" alt=\"JUSTIFICAN LA INASISTENCIA A CLASES POR MOVILIZACI\u00d3N\" width=\"480\" height=\"600\" srcset=\"https:\/\/fadeweb.uncoma.edu.ar\/wp-content\/uploads\/2025\/09\/INASISTENCIAS-819x1024.jpg 819w, https:\/\/fadeweb.uncoma.edu.ar\/wp-content\/uploads\/2025\/09\/INASISTENCIAS-240x300.jpg 240w, https:\/\/fadeweb.uncoma.edu.ar\/wp-content\/uploads\/2025\/09\/INASISTENCIAS-768x960.jpg 768w, https:\/\/fadeweb.uncoma.edu.ar\/wp-content\/uploads\/2025\/09\/INASISTENCIAS.jpg 1080w\" sizes=\"(max-width: 480px) 100vw, 480px\" \/><\/p>\n<p>El Consejero Directivo a cargo del despacho de decanato de la FADECS resolvi\u00f3 justificar la inasistencia a clases de las\/os estudiantes que participen en la movilizaci\u00f3n convocada para exigir justicia para Brenda, Morena y Lara, el d\u00eda 25 de septiembre del corriente, a partir de las 17:30 hs.<\/p>\n<p>Asimismo, se deja constancia que los ex\u00e1menes finales y parciales se mantienen tal como fueron programados, sin que se aplique la justificaci\u00f3n de inasistencias habilitada en el presente acto.<\/p>\n","protected":false},"excerpt":{"rendered":"<p>El Consejero Directivo a cargo del despacho de decanato de la FADECS resolvi\u00f3 justificar la inasistencia a clases de las\/os estudiantes que participen en la movilizaci\u00f3n convocada para exigir justicia para Brenda, Morena y Lara, el d\u00eda 25 de septiembre del corriente, a partir de las 17:30 hs. Asimismo, se deja constancia que los ex\u00e1menes [&hellip;]<\/p>\n","protected":false},"author":4,"featured_media":26548,"comment_status":"closed","ping_status":"closed","sticky":false,"template":"","format":"standard","meta":{"footnotes":""},"categories":[5],"tags":[],"class_list":["post-26540","post","type-post","status-publish","format-standard","has-post-thumbnail","hentry","category-notifadecs"],"_links":{"self":[{"href":"https:\/\/fadeweb.uncoma.edu.ar\/index.php\/wp-json\/wp\/v2\/posts\/26540","targetHints":{"allow":["GET"]}}],"collection":[{"href":"https:\/\/fadeweb.uncoma.edu.ar\/index.php\/wp-json\/wp\/v2\/posts"}],"about":[{"href":"https:\/\/fadeweb.uncoma.edu.ar\/index.php\/wp-json\/wp\/v2\/types\/post"}],"author":[{"embeddable":true,"href":"https:\/\/fadeweb.uncoma.edu.ar\/index.php\/wp-json\/wp\/v2\/users\/4"}],"replies":[{"embeddable":true,"href":"https:\/\/fadeweb.uncoma.edu.ar\/index.php\/wp-json\/wp\/v2\/comments?post=26540"}],"version-history":[{"count":1,"href":"https:\/\/fadeweb.uncoma.edu.ar\/index.php\/wp-json\/wp\/v2\/posts\/26540\/revisions"}],"predecessor-version":[{"id":26549,"href":"https:\/\/fadeweb.uncoma.edu.ar\/index.php\/wp-json\/wp\/v2\/posts\/26540\/revisions\/26549"}],"wp:featuredmedia":[{"embeddable":true,"href":"https:\/\/fadeweb.uncoma.edu.ar\/index.php\/wp-json\/wp\/v2\/media\/26548"}],"wp:attachment":[{"href":"https:\/\/fadeweb.uncoma.edu.ar\/index.php\/wp-json\/wp\/v2\/media?parent=26540"}],"wp:term":[{"taxonomy":"category","embeddable":true,"href":"https:\/\/fadeweb.uncoma.edu.ar\/index.php\/wp-json\/wp\/v2\/categories?post=26540"},{"taxonomy":"post_tag","embeddable":true,"href":"https:\/\/fadeweb.uncoma.edu.ar\/index.php\/wp-json\/wp\/v2\/tags?post=26540"}],"curies":[{"name":"wp","href":"https:\/\/api.w.org\/{rel}","templated":true}]}}