{"id":26537,"date":"2025-09-25T13:22:34","date_gmt":"2025-09-25T16:22:34","guid":{"rendered":"https:\/\/fadeweb.uncoma.edu.ar\/?p=26537"},"modified":"2025-09-25T13:22:34","modified_gmt":"2025-09-25T16:22:34","slug":"resultados-convocatoria-de-movilidad-internacional-para-estudiantes-de-grado-unco","status":"publish","type":"post","link":"https:\/\/fadeweb.uncoma.edu.ar\/index.php\/2025\/09\/25\/resultados-convocatoria-de-movilidad-internacional-para-estudiantes-de-grado-unco\/","title":{"rendered":"RESULTADOS CONVOCATORIA DE MOVILIDAD INTERNACIONAL PARA ESTUDIANTES DE GRADO UNCo"},"content":{"rendered":"<p><img fetchpriority=\"high\" decoding=\"async\" class=\"alignnone wp-image-26538\" src=\"https:\/\/fadeweb.uncoma.edu.ar\/wp-content\/uploads\/2025\/09\/ORDE-MERITO-copia-1024x1024.jpg\" alt=\"Primer Semestre 2026\nRESULTADOS CONVOCATORIA DE MOVILIDAD INTERNACIONAL PARA ESTUDIANTES DE GRADO UNCo\n\nEl comit\u00e9 evaluador se reuni\u00f3 el lunes 22 de septiembre, para analizar 14 postulaciones, de las cuales 9 fueron efectivas y en condiciones de ser evaluadas.\nLos estudiantes ubicados en el orden de m\u00e9rito 1 al 5 ser\u00e1n beneficiados con la asistencia econ\u00f3mica parcial de $1.500.000 (pesos un mill\u00f3n quinientos mil) cada uno. Dicha asistencia se entregar\u00e1 por \u00fanica vez, para cubrir los gastos asociados a la movilidad que el\/la estudiante considere pertinentes (pago de pasajes, manutenci\u00f3n, seguro m\u00e9dico, entre otros). Adem\u00e1s, contar\u00e1n con el cupo y la liberaci\u00f3n de costos acad\u00e9micos en la Universidad de Destino seleccionada.\nEl orden de m\u00e9rito por unidad acad\u00e9mica es el siguiente:\n\n1.\tTom\u00e1s Echarren (CURZA)\n2.\tVioleta Pavia Gonz\u00e1lez (FAHU)\n3.\tLucas Valent\u00edn Castro Burgos (FAEA)\n4.\tMar\u00eda de los \u00c1ngeles Santill\u00e1n (FAEA)\n5.\tPilar Tuero (FACIMED)\n6.\tGeraldine Aldana Ferrua Smith (FAEA)\n7.\tPaula Bri\u00f3n (FACIMED)\n8.\tFernanda Soledad Orellana Genovese (CRUSMA)\n9.\tMilagros Lien L\u00f3pez Quincha\u00f3 (FATU)\" width=\"600\" height=\"600\" srcset=\"https:\/\/fadeweb.uncoma.edu.ar\/wp-content\/uploads\/2025\/09\/ORDE-MERITO-copia-1024x1024.jpg 1024w, https:\/\/fadeweb.uncoma.edu.ar\/wp-content\/uploads\/2025\/09\/ORDE-MERITO-copia-300x300.jpg 300w, https:\/\/fadeweb.uncoma.edu.ar\/wp-content\/uploads\/2025\/09\/ORDE-MERITO-copia-150x150.jpg 150w, https:\/\/fadeweb.uncoma.edu.ar\/wp-content\/uploads\/2025\/09\/ORDE-MERITO-copia-768x768.jpg 768w, https:\/\/fadeweb.uncoma.edu.ar\/wp-content\/uploads\/2025\/09\/ORDE-MERITO-copia.jpg 1080w\" sizes=\"(max-width: 600px) 100vw, 600px\" \/><\/p>\n<p><strong>Primer Semestre 2026<\/strong><br \/>\n<strong>RESULTADOS CONVOCATORIA DE MOVILIDAD INTERNACIONAL PARA ESTUDIANTES DE GRADO UNCo<\/strong><\/p>\n<p>El comit\u00e9 evaluador se reuni\u00f3 el lunes 22 de septiembre, para analizar 14 postulaciones, de las cuales 9 fueron efectivas y en condiciones de ser evaluadas.<\/p>\n<p>Los estudiantes ubicados en el orden de m\u00e9rito 1 al 5 ser\u00e1n beneficiados con la asistencia econ\u00f3mica parcial de $1.500.000 (pesos un mill\u00f3n quinientos mil) cada uno.<\/p>\n<p>Dicha asistencia se entregar\u00e1 por \u00fanica vez, para cubrir los gastos asociados a la movilidad que el\/la estudiante considere pertinentes (pago de pasajes, manutenci\u00f3n, seguro m\u00e9dico, entre otros). Adem\u00e1s, contar\u00e1n con el cupo y la liberaci\u00f3n de costos acad\u00e9micos en la Universidad de Destino seleccionada.<\/p>\n<p>El orden de m\u00e9rito por unidad acad\u00e9mica es el siguiente:<\/p>\n<p>1. Tom\u00e1s Echarren (CURZA)<br \/>\n2. Violeta Pavia Gonz\u00e1lez (FAHU)<br \/>\n3. Lucas Valent\u00edn Castro Burgos (FAEA)<br \/>\n4. Mar\u00eda de los \u00c1ngeles Santill\u00e1n (FAEA)<br \/>\n5. Pilar Tuero (FACIMED)<br \/>\n6. Geraldine Aldana Ferrua Smith (FAEA)<br \/>\n7. Paula Bri\u00f3n (FACIMED)<br \/>\n8. Fernanda Soledad Orellana Genovese (CRUSMA)<br \/>\n9. Milagros Lien L\u00f3pez Quincha\u00f3 (FATU)<\/p>\n","protected":false},"excerpt":{"rendered":"<p>Primer Semestre 2026 RESULTADOS CONVOCATORIA DE MOVILIDAD INTERNACIONAL PARA ESTUDIANTES DE GRADO UNCo El comit\u00e9 evaluador se reuni\u00f3 el lunes 22 de septiembre, para analizar 14 postulaciones, de las cuales 9 fueron efectivas y en condiciones de ser evaluadas. Los estudiantes ubicados en el orden de m\u00e9rito 1 al 5 ser\u00e1n beneficiados con la asistencia [&hellip;]<\/p>\n","protected":false},"author":4,"featured_media":26538,"comment_status":"closed","ping_status":"closed","sticky":false,"template":"","format":"standard","meta":{"footnotes":""},"categories":[5,76],"tags":[],"class_list":["post-26537","post","type-post","status-publish","format-standard","has-post-thumbnail","hentry","category-notifadecs","category-novedades-investigacion"],"_links":{"self":[{"href":"https:\/\/fadeweb.uncoma.edu.ar\/index.php\/wp-json\/wp\/v2\/posts\/26537","targetHints":{"allow":["GET"]}}],"collection":[{"href":"https:\/\/fadeweb.uncoma.edu.ar\/index.php\/wp-json\/wp\/v2\/posts"}],"about":[{"href":"https:\/\/fadeweb.uncoma.edu.ar\/index.php\/wp-json\/wp\/v2\/types\/post"}],"author":[{"embeddable":true,"href":"https:\/\/fadeweb.uncoma.edu.ar\/index.php\/wp-json\/wp\/v2\/users\/4"}],"replies":[{"embeddable":true,"href":"https:\/\/fadeweb.uncoma.edu.ar\/index.php\/wp-json\/wp\/v2\/comments?post=26537"}],"version-history":[{"count":1,"href":"https:\/\/fadeweb.uncoma.edu.ar\/index.php\/wp-json\/wp\/v2\/posts\/26537\/revisions"}],"predecessor-version":[{"id":26539,"href":"https:\/\/fadeweb.uncoma.edu.ar\/index.php\/wp-json\/wp\/v2\/posts\/26537\/revisions\/26539"}],"wp:featuredmedia":[{"embeddable":true,"href":"https:\/\/fadeweb.uncoma.edu.ar\/index.php\/wp-json\/wp\/v2\/media\/26538"}],"wp:attachment":[{"href":"https:\/\/fadeweb.uncoma.edu.ar\/index.php\/wp-json\/wp\/v2\/media?parent=26537"}],"wp:term":[{"taxonomy":"category","embeddable":true,"href":"https:\/\/fadeweb.uncoma.edu.ar\/index.php\/wp-json\/wp\/v2\/categories?post=26537"},{"taxonomy":"post_tag","embeddable":true,"href":"https:\/\/fadeweb.uncoma.edu.ar\/index.php\/wp-json\/wp\/v2\/tags?post=26537"}],"curies":[{"name":"wp","href":"https:\/\/api.w.org\/{rel}","templated":true}]}}