{"id":26449,"date":"2025-09-23T00:01:25","date_gmt":"2025-09-23T03:01:25","guid":{"rendered":"https:\/\/fadeweb.uncoma.edu.ar\/?p=26449"},"modified":"2025-09-18T11:38:56","modified_gmt":"2025-09-18T14:38:56","slug":"23-de-septiembre-dia-internacional-contra-la-explotacion-sexual-y-el-trafico-de-mujeres-y-ninas-os","status":"publish","type":"post","link":"https:\/\/fadeweb.uncoma.edu.ar\/index.php\/2025\/09\/23\/23-de-septiembre-dia-internacional-contra-la-explotacion-sexual-y-el-trafico-de-mujeres-y-ninas-os\/","title":{"rendered":"23 DE SEPTIEMBRE D\u00cdA INTERNACIONAL CONTRA LA EXPLOTACI\u00d3N SEXUAL Y EL TR\u00c1FICO DE MUJERES Y NI\u00d1AS\/OS"},"content":{"rendered":"<p><img fetchpriority=\"high\" decoding=\"async\" class=\"alignnone wp-image-26450\" src=\"https:\/\/fadeweb.uncoma.edu.ar\/wp-content\/uploads\/2025\/09\/23-septiembre2024-819x1024.jpg\" alt=\"23 DE SEPTIEMBRE D\u00cdA INTERNACIONAL CONTRA LA EXPLOTACI\u00d3N SEXUAL Y EL TR\u00c1FICO DE MUJERES Y NI\u00d1AS\/OS\" width=\"480\" height=\"600\" srcset=\"https:\/\/fadeweb.uncoma.edu.ar\/wp-content\/uploads\/2025\/09\/23-septiembre2024-819x1024.jpg 819w, https:\/\/fadeweb.uncoma.edu.ar\/wp-content\/uploads\/2025\/09\/23-septiembre2024-240x300.jpg 240w, https:\/\/fadeweb.uncoma.edu.ar\/wp-content\/uploads\/2025\/09\/23-septiembre2024-768x960.jpg 768w, https:\/\/fadeweb.uncoma.edu.ar\/wp-content\/uploads\/2025\/09\/23-septiembre2024.jpg 1080w\" sizes=\"(max-width: 480px) 100vw, 480px\" \/><\/p>\n<p>La explotaci\u00f3n sexual y la trata de personas son formas globales modernas de violencia y esclavitud, con m\u00faltiples impactos que afectan especialmente los derechos humanos de mujeres y menores.<\/p>\n<p>Las medidas preventivas deben centrarse en abordar las causas profundas como la pobreza y la desigualdad. En tanto que la educaci\u00f3n y el di\u00e1logo, desde edades tempranas, fortalecen la protecci\u00f3n, el respeto y la seguridad de ni\u00f1as, ni\u00f1os.<\/p>\n","protected":false},"excerpt":{"rendered":"<p>La explotaci\u00f3n sexual y la trata de personas son formas globales modernas de violencia y esclavitud, con m\u00faltiples impactos que afectan especialmente los derechos humanos de mujeres y menores. Las medidas preventivas deben centrarse en abordar las causas profundas como la pobreza y la desigualdad. En tanto que la educaci\u00f3n y el di\u00e1logo, desde edades [&hellip;]<\/p>\n","protected":false},"author":4,"featured_media":26450,"comment_status":"closed","ping_status":"closed","sticky":false,"template":"","format":"standard","meta":{"footnotes":""},"categories":[5],"tags":[],"class_list":["post-26449","post","type-post","status-publish","format-standard","has-post-thumbnail","hentry","category-notifadecs"],"_links":{"self":[{"href":"https:\/\/fadeweb.uncoma.edu.ar\/index.php\/wp-json\/wp\/v2\/posts\/26449","targetHints":{"allow":["GET"]}}],"collection":[{"href":"https:\/\/fadeweb.uncoma.edu.ar\/index.php\/wp-json\/wp\/v2\/posts"}],"about":[{"href":"https:\/\/fadeweb.uncoma.edu.ar\/index.php\/wp-json\/wp\/v2\/types\/post"}],"author":[{"embeddable":true,"href":"https:\/\/fadeweb.uncoma.edu.ar\/index.php\/wp-json\/wp\/v2\/users\/4"}],"replies":[{"embeddable":true,"href":"https:\/\/fadeweb.uncoma.edu.ar\/index.php\/wp-json\/wp\/v2\/comments?post=26449"}],"version-history":[{"count":1,"href":"https:\/\/fadeweb.uncoma.edu.ar\/index.php\/wp-json\/wp\/v2\/posts\/26449\/revisions"}],"predecessor-version":[{"id":26451,"href":"https:\/\/fadeweb.uncoma.edu.ar\/index.php\/wp-json\/wp\/v2\/posts\/26449\/revisions\/26451"}],"wp:featuredmedia":[{"embeddable":true,"href":"https:\/\/fadeweb.uncoma.edu.ar\/index.php\/wp-json\/wp\/v2\/media\/26450"}],"wp:attachment":[{"href":"https:\/\/fadeweb.uncoma.edu.ar\/index.php\/wp-json\/wp\/v2\/media?parent=26449"}],"wp:term":[{"taxonomy":"category","embeddable":true,"href":"https:\/\/fadeweb.uncoma.edu.ar\/index.php\/wp-json\/wp\/v2\/categories?post=26449"},{"taxonomy":"post_tag","embeddable":true,"href":"https:\/\/fadeweb.uncoma.edu.ar\/index.php\/wp-json\/wp\/v2\/tags?post=26449"}],"curies":[{"name":"wp","href":"https:\/\/api.w.org\/{rel}","templated":true}]}}