{"id":26425,"date":"2025-09-17T10:04:36","date_gmt":"2025-09-17T13:04:36","guid":{"rendered":"https:\/\/fadeweb.uncoma.edu.ar\/?p=26425"},"modified":"2025-09-17T10:04:36","modified_gmt":"2025-09-17T13:04:36","slug":"neuquen-avanza-hacia-la-modernizacion-del-codigo-procesal-civil-y-comercial","status":"publish","type":"post","link":"https:\/\/fadeweb.uncoma.edu.ar\/index.php\/2025\/09\/17\/neuquen-avanza-hacia-la-modernizacion-del-codigo-procesal-civil-y-comercial\/","title":{"rendered":"NEUQU\u00c9N AVANZA HACIA LA MODERNIZACI\u00d3N DEL C\u00d3DIGO PROCESAL CIVIL Y COMERCIAL"},"content":{"rendered":"<div style=\"width: 800px;\" class=\"wp-video\"><video class=\"wp-video-shortcode\" id=\"video-26425-1\" width=\"800\" height=\"451\" preload=\"metadata\" controls=\"controls\"><source type=\"video\/mp4\" src=\"https:\/\/fadeweb.uncoma.edu.ar\/wp-content\/uploads\/2025\/09\/pascuarelli.mp4?_=1\" \/><a href=\"https:\/\/fadeweb.uncoma.edu.ar\/wp-content\/uploads\/2025\/09\/pascuarelli.mp4\">https:\/\/fadeweb.uncoma.edu.ar\/wp-content\/uploads\/2025\/09\/pascuarelli.mp4<\/a><\/video><\/div>\n<p>Se present\u00f3 el lunes 15 de septiembre la parte final del libro primero del C\u00f3digo Procesal Civil y Comercial de la provincia del Neuqu\u00e9n. El acto cont\u00f3 con la presencia del doctrinario a cargo de la redacci\u00f3n del C\u00f3digo, el jurista Gustavo Calvinho y representantes del Poder Ejecutivo provincial, del Ministerio P\u00fablico de la Defensa, de la Legislatura de Neuqu\u00e9n, de la Facultad de Derecho y Ciencias Sociales de la UNCo, de la Universidad Cat\u00f3lica de Salta, del Colegio de Abogados, y de otras organizaciones provinciales.<\/p>\n<p>La tercera etapa del proceso, considerado hist\u00f3rico para la provincia de Neuqu\u00e9n, incluy\u00f3 la entrega de m\u00e1s de la mitad del documento ya trabajado. A ello se sum\u00f3 una revisi\u00f3n de las instancias pendientes a cumplir seg\u00fan los tiempos del cronograma establecido, para alcanzar a fin de a\u00f1o la finalizaci\u00f3n del documento.<\/p>\n<p>El representante de la FADECS-UNCo en la Comisi\u00f3n de Reforma del C\u00f3digo Procesal Civil, Jorge Pascuarelli hizo referencia a la tercera entrega en la que se discutieron diversos puntos importantes y aspectos novedosos que van a cambiar la estructura del proceso y la vida de la gente.<\/p>\n","protected":false},"excerpt":{"rendered":"<p>Se present\u00f3 el lunes 15 de septiembre la parte final del libro primero del C\u00f3digo Procesal Civil y Comercial de la provincia del Neuqu\u00e9n. El acto cont\u00f3 con la presencia del doctrinario a cargo de la redacci\u00f3n del C\u00f3digo, el jurista Gustavo Calvinho y representantes del Poder Ejecutivo provincial, del Ministerio P\u00fablico de la Defensa, [&hellip;]<\/p>\n","protected":false},"author":4,"featured_media":26427,"comment_status":"closed","ping_status":"closed","sticky":false,"template":"","format":"standard","meta":{"footnotes":""},"categories":[5],"tags":[],"class_list":["post-26425","post","type-post","status-publish","format-standard","has-post-thumbnail","hentry","category-notifadecs"],"_links":{"self":[{"href":"https:\/\/fadeweb.uncoma.edu.ar\/index.php\/wp-json\/wp\/v2\/posts\/26425","targetHints":{"allow":["GET"]}}],"collection":[{"href":"https:\/\/fadeweb.uncoma.edu.ar\/index.php\/wp-json\/wp\/v2\/posts"}],"about":[{"href":"https:\/\/fadeweb.uncoma.edu.ar\/index.php\/wp-json\/wp\/v2\/types\/post"}],"author":[{"embeddable":true,"href":"https:\/\/fadeweb.uncoma.edu.ar\/index.php\/wp-json\/wp\/v2\/users\/4"}],"replies":[{"embeddable":true,"href":"https:\/\/fadeweb.uncoma.edu.ar\/index.php\/wp-json\/wp\/v2\/comments?post=26425"}],"version-history":[{"count":1,"href":"https:\/\/fadeweb.uncoma.edu.ar\/index.php\/wp-json\/wp\/v2\/posts\/26425\/revisions"}],"predecessor-version":[{"id":26428,"href":"https:\/\/fadeweb.uncoma.edu.ar\/index.php\/wp-json\/wp\/v2\/posts\/26425\/revisions\/26428"}],"wp:featuredmedia":[{"embeddable":true,"href":"https:\/\/fadeweb.uncoma.edu.ar\/index.php\/wp-json\/wp\/v2\/media\/26427"}],"wp:attachment":[{"href":"https:\/\/fadeweb.uncoma.edu.ar\/index.php\/wp-json\/wp\/v2\/media?parent=26425"}],"wp:term":[{"taxonomy":"category","embeddable":true,"href":"https:\/\/fadeweb.uncoma.edu.ar\/index.php\/wp-json\/wp\/v2\/categories?post=26425"},{"taxonomy":"post_tag","embeddable":true,"href":"https:\/\/fadeweb.uncoma.edu.ar\/index.php\/wp-json\/wp\/v2\/tags?post=26425"}],"curies":[{"name":"wp","href":"https:\/\/api.w.org\/{rel}","templated":true}]}}