{"id":26384,"date":"2025-09-15T12:19:47","date_gmt":"2025-09-15T15:19:47","guid":{"rendered":"https:\/\/fadeweb.uncoma.edu.ar\/?p=26384"},"modified":"2025-09-15T12:19:47","modified_gmt":"2025-09-15T15:19:47","slug":"49-anos-de-la-noche-de-los-lapices","status":"publish","type":"post","link":"https:\/\/fadeweb.uncoma.edu.ar\/index.php\/2025\/09\/15\/49-anos-de-la-noche-de-los-lapices\/","title":{"rendered":"49 A\u00d1OS DE LA NOCHE DE LOS L\u00c1PICES"},"content":{"rendered":"<p><img fetchpriority=\"high\" decoding=\"async\" class=\"alignnone wp-image-26385\" src=\"https:\/\/fadeweb.uncoma.edu.ar\/wp-content\/uploads\/2025\/09\/hacer-memoria-819x1024.jpeg\" alt=\"49 A\u00d1OS DE LA NOCHE DE LOS L\u00c1PICES\" width=\"480\" height=\"600\" srcset=\"https:\/\/fadeweb.uncoma.edu.ar\/wp-content\/uploads\/2025\/09\/hacer-memoria-819x1024.jpeg 819w, https:\/\/fadeweb.uncoma.edu.ar\/wp-content\/uploads\/2025\/09\/hacer-memoria-240x300.jpeg 240w, https:\/\/fadeweb.uncoma.edu.ar\/wp-content\/uploads\/2025\/09\/hacer-memoria-768x960.jpeg 768w, https:\/\/fadeweb.uncoma.edu.ar\/wp-content\/uploads\/2025\/09\/hacer-memoria.jpeg 1080w\" sizes=\"(max-width: 480px) 100vw, 480px\" \/><\/p>\n<p>El Proyecto de Extensi\u00f3n \u00abSembrar Memoria\u00bb invita a participar de diversas actividades a realizarse en Cipolletti en conmemoraci\u00f3n de \u00abLa Noche de los L\u00e1pices\u00bb. El 16 de septiembre de 1976, diez estudiantes secundarios fueron secuestradxs y desaparecidxs en La Plata por la dictadura c\u00edvico-militar, mientras luchaban por el boleto estudiantil. La mayor\u00eda ten\u00eda entre 16 y 18 a\u00f1os.<\/p>\n<p><strong>Este 16 de septiembre<\/strong> nos encontramos en Plaza San Mart\u00edn (Cipolletti) a las 14:30 h para hacer MEMORIA: enhebrar proyectos, sue\u00f1os y esperanzas de estudiantes de antes y de hoy, poner en di\u00e1logo el pasado reciente con las experiencias, sensibilidades y proyectos actuales. Porque recordar es no repetir.<\/p>\n<p><strong>16 hs<\/strong> Actividades en Memorial de Leticia Veraldi (Estudiante secundaria desaparecida de la ciudad), sito en Alem y Villegas.<\/p>\n<p><strong>17 hs<\/strong> Conversatorio a cargo de Dora Seguel y Pedro Maidana (v\u00edctimas del Operativo Cutral C\u00f3 y ex Estudiantes Secundarios durante la \u00faltima dictadura c\u00edvico, militar, eclesi\u00e1stico). Actividad presentada por les estudiantes Alejandra Marichelar y Railef de Trabajo Social M\u00f3dulo Neuqu\u00e9n, integrantes del Proyecto de Extensi\u00f3n \u00bb Sembrar Memoria\u00bb.<\/p>\n<p>Durante la jornada habr\u00e1 un Stand de la iniciativa extensionista donde se difundir\u00e1 informaci\u00f3n y folleter\u00eda de la fecha conmemorativa. Adem\u00e1s, actividad de Stencil con im\u00e1genes alusivas al 16 de septiembre.<\/p>\n<p>Organiza y convoca:<br \/>\nCasa de Leticia con el acompa\u00f1amiento de organismos de DDHH.<\/p>\n","protected":false},"excerpt":{"rendered":"<p>El Proyecto de Extensi\u00f3n \u00abSembrar Memoria\u00bb invita a participar de diversas actividades a realizarse en Cipolletti en conmemoraci\u00f3n de \u00abLa Noche de los L\u00e1pices\u00bb. El 16 de septiembre de 1976, diez estudiantes secundarios fueron secuestradxs y desaparecidxs en La Plata por la dictadura c\u00edvico-militar, mientras luchaban por el boleto estudiantil. La mayor\u00eda ten\u00eda entre 16 [&hellip;]<\/p>\n","protected":false},"author":4,"featured_media":26385,"comment_status":"closed","ping_status":"closed","sticky":false,"template":"","format":"standard","meta":{"footnotes":""},"categories":[5],"tags":[],"class_list":["post-26384","post","type-post","status-publish","format-standard","has-post-thumbnail","hentry","category-notifadecs"],"_links":{"self":[{"href":"https:\/\/fadeweb.uncoma.edu.ar\/index.php\/wp-json\/wp\/v2\/posts\/26384","targetHints":{"allow":["GET"]}}],"collection":[{"href":"https:\/\/fadeweb.uncoma.edu.ar\/index.php\/wp-json\/wp\/v2\/posts"}],"about":[{"href":"https:\/\/fadeweb.uncoma.edu.ar\/index.php\/wp-json\/wp\/v2\/types\/post"}],"author":[{"embeddable":true,"href":"https:\/\/fadeweb.uncoma.edu.ar\/index.php\/wp-json\/wp\/v2\/users\/4"}],"replies":[{"embeddable":true,"href":"https:\/\/fadeweb.uncoma.edu.ar\/index.php\/wp-json\/wp\/v2\/comments?post=26384"}],"version-history":[{"count":1,"href":"https:\/\/fadeweb.uncoma.edu.ar\/index.php\/wp-json\/wp\/v2\/posts\/26384\/revisions"}],"predecessor-version":[{"id":26386,"href":"https:\/\/fadeweb.uncoma.edu.ar\/index.php\/wp-json\/wp\/v2\/posts\/26384\/revisions\/26386"}],"wp:featuredmedia":[{"embeddable":true,"href":"https:\/\/fadeweb.uncoma.edu.ar\/index.php\/wp-json\/wp\/v2\/media\/26385"}],"wp:attachment":[{"href":"https:\/\/fadeweb.uncoma.edu.ar\/index.php\/wp-json\/wp\/v2\/media?parent=26384"}],"wp:term":[{"taxonomy":"category","embeddable":true,"href":"https:\/\/fadeweb.uncoma.edu.ar\/index.php\/wp-json\/wp\/v2\/categories?post=26384"},{"taxonomy":"post_tag","embeddable":true,"href":"https:\/\/fadeweb.uncoma.edu.ar\/index.php\/wp-json\/wp\/v2\/tags?post=26384"}],"curies":[{"name":"wp","href":"https:\/\/api.w.org\/{rel}","templated":true}]}}