{"id":26301,"date":"2025-09-05T13:21:10","date_gmt":"2025-09-05T16:21:10","guid":{"rendered":"https:\/\/fadeweb.uncoma.edu.ar\/?p=26301"},"modified":"2025-09-05T13:21:10","modified_gmt":"2025-09-05T16:21:10","slug":"charla-abierta-especializacion-en-derecho-administrativo-7o-edicion","status":"publish","type":"post","link":"https:\/\/fadeweb.uncoma.edu.ar\/index.php\/2025\/09\/05\/charla-abierta-especializacion-en-derecho-administrativo-7o-edicion\/","title":{"rendered":"CHARLA ABIERTA | \u00abESPECIALIZACI\u00d3N EN DERECHO ADMINISTRATIVO\u00bb &#8211; 7\u00ba Edici\u00f3n"},"content":{"rendered":"<p data-start=\"67\" data-end=\"125\"><img fetchpriority=\"high\" decoding=\"async\" class=\"alignnone wp-image-26302\" src=\"https:\/\/fadeweb.uncoma.edu.ar\/wp-content\/uploads\/2025\/09\/eda-charla.png\" alt=\"CHARLA ABIERTA | &quot;ESPECIALIZACI\u00d3N EN DERECHO ADMINISTRATIVO&quot; - 7\u00ba Edici\u00f3n\" width=\"481\" height=\"600\" srcset=\"https:\/\/fadeweb.uncoma.edu.ar\/wp-content\/uploads\/2025\/09\/eda-charla.png 720w, https:\/\/fadeweb.uncoma.edu.ar\/wp-content\/uploads\/2025\/09\/eda-charla-240x300.png 240w\" sizes=\"(max-width: 481px) 100vw, 481px\" \/><\/p>\n<p data-start=\"127\" data-end=\"148\">Martes 9\/9 por Zoom<\/p>\n<p data-start=\"150\" data-end=\"168\"><strong data-start=\"150\" data-end=\"166\">Destinado a:<\/strong><\/p>\n<ul>\n<li data-start=\"171\" data-end=\"206\">Graduados y graduadas de Abogac\u00eda<\/li>\n<li data-start=\"209\" data-end=\"266\">Abogados\/as que trabajen en el \u00e1mbito p\u00fablico o privado<\/li>\n<li data-start=\"269\" data-end=\"299\">Interesados\/as en la carrera<\/li>\n<li data-start=\"302\" data-end=\"331\">Inscriptos\/as en la carrera<\/li>\n<\/ul>\n<p data-start=\"333\" data-end=\"355\"><strong data-start=\"333\" data-end=\"353\">Nos acompa\u00f1ar\u00e1n:<\/strong><\/p>\n<ul>\n<li data-start=\"358\" data-end=\"401\">Pablo Gutierrez Colantuono &#8211; Director<\/li>\n<li data-start=\"404\" data-end=\"439\">Claudia Marconi &#8211; Codirectora<\/li>\n<li data-start=\"442\" data-end=\"514\">Luciano Minetti Kern &#8211; Fiscal de Estado Adjunto Prov. de R\u00edo Negro<\/li>\n<li data-start=\"517\" data-end=\"558\">Edgardo Albrieu &#8211; Presidente @caavo<\/li>\n<li data-start=\"561\" data-end=\"637\">Ra\u00fal Franco &#8211; Secretario Acad\u00e9mico FADECS &#8211; Secretario Acad\u00e9mico @faca<\/li>\n<\/ul>\n<p data-start=\"639\" data-end=\"655\"><strong data-start=\"639\" data-end=\"653\">Organizan:<\/strong><\/p>\n<ul>\n<li data-start=\"658\" data-end=\"727\">Departamento de Posgrado @fadecs &#8211; Universidad Nacional del Comahue<\/li>\n<li data-start=\"730\" data-end=\"787\">Colegio de Abogados y Procuradores del Alto Valle Oeste<\/li>\n<li data-start=\"790\" data-end=\"839\">Fiscal\u00eda de Estado de la Provincia de R\u00edo Negro<\/li>\n<\/ul>\n<p data-start=\"841\" data-end=\"913\">Se requiere inscripci\u00f3n previa en: <a href=\"https:\/\/forms.gle\/GR3PjvtKXcrsLoAG9?utm_source=chatgpt.com\" data-start=\"876\" data-end=\"911\">https:\/\/forms.gle\/GR3PjvtKXcrsLoAG9<\/a><\/p>\n<p data-start=\"915\" data-end=\"966\">Consultas por Whatsapp:<br data-start=\"938\" data-end=\"941\" \/>2996723981<br data-start=\"951\" data-end=\"954\" \/>2984668243<\/p>\n","protected":false},"excerpt":{"rendered":"<p>Martes 9\/9 por Zoom Destinado a: Graduados y graduadas de Abogac\u00eda Abogados\/as que trabajen en el \u00e1mbito p\u00fablico o privado Interesados\/as en la carrera Inscriptos\/as en la carrera Nos acompa\u00f1ar\u00e1n: Pablo Gutierrez Colantuono &#8211; Director Claudia Marconi &#8211; Codirectora Luciano Minetti Kern &#8211; Fiscal de Estado Adjunto Prov. de R\u00edo Negro Edgardo Albrieu &#8211; Presidente [&hellip;]<\/p>\n","protected":false},"author":4,"featured_media":26302,"comment_status":"closed","ping_status":"closed","sticky":false,"template":"","format":"standard","meta":{"footnotes":""},"categories":[5,78],"tags":[],"class_list":["post-26301","post","type-post","status-publish","format-standard","has-post-thumbnail","hentry","category-notifadecs","category-posgrado"],"_links":{"self":[{"href":"https:\/\/fadeweb.uncoma.edu.ar\/index.php\/wp-json\/wp\/v2\/posts\/26301","targetHints":{"allow":["GET"]}}],"collection":[{"href":"https:\/\/fadeweb.uncoma.edu.ar\/index.php\/wp-json\/wp\/v2\/posts"}],"about":[{"href":"https:\/\/fadeweb.uncoma.edu.ar\/index.php\/wp-json\/wp\/v2\/types\/post"}],"author":[{"embeddable":true,"href":"https:\/\/fadeweb.uncoma.edu.ar\/index.php\/wp-json\/wp\/v2\/users\/4"}],"replies":[{"embeddable":true,"href":"https:\/\/fadeweb.uncoma.edu.ar\/index.php\/wp-json\/wp\/v2\/comments?post=26301"}],"version-history":[{"count":1,"href":"https:\/\/fadeweb.uncoma.edu.ar\/index.php\/wp-json\/wp\/v2\/posts\/26301\/revisions"}],"predecessor-version":[{"id":26303,"href":"https:\/\/fadeweb.uncoma.edu.ar\/index.php\/wp-json\/wp\/v2\/posts\/26301\/revisions\/26303"}],"wp:featuredmedia":[{"embeddable":true,"href":"https:\/\/fadeweb.uncoma.edu.ar\/index.php\/wp-json\/wp\/v2\/media\/26302"}],"wp:attachment":[{"href":"https:\/\/fadeweb.uncoma.edu.ar\/index.php\/wp-json\/wp\/v2\/media?parent=26301"}],"wp:term":[{"taxonomy":"category","embeddable":true,"href":"https:\/\/fadeweb.uncoma.edu.ar\/index.php\/wp-json\/wp\/v2\/categories?post=26301"},{"taxonomy":"post_tag","embeddable":true,"href":"https:\/\/fadeweb.uncoma.edu.ar\/index.php\/wp-json\/wp\/v2\/tags?post=26301"}],"curies":[{"name":"wp","href":"https:\/\/api.w.org\/{rel}","templated":true}]}}