{"id":26290,"date":"2025-09-05T11:28:11","date_gmt":"2025-09-05T14:28:11","guid":{"rendered":"https:\/\/fadeweb.uncoma.edu.ar\/?p=26290"},"modified":"2025-09-05T11:28:11","modified_gmt":"2025-09-05T14:28:11","slug":"declaracion-de-fadeccos-por-los-intentos-de-censura-previa-oficial","status":"publish","type":"post","link":"https:\/\/fadeweb.uncoma.edu.ar\/index.php\/2025\/09\/05\/declaracion-de-fadeccos-por-los-intentos-de-censura-previa-oficial\/","title":{"rendered":"DECLARACI\u00d3N DE FADECCOS POR LOS INTENTOS DE CENSURA PREVIA OFICIAL"},"content":{"rendered":"<p><img fetchpriority=\"high\" decoding=\"async\" class=\"alignnone size-full wp-image-26291\" src=\"https:\/\/fadeweb.uncoma.edu.ar\/wp-content\/uploads\/2025\/09\/fadeccos.png\" alt=\"DECLARACI\u00d3N DE FADECCOS POR LOS INTENTOS DE CENSURA PREVIA OFICIAL\n\" width=\"297\" height=\"170\" \/><\/p>\n<p>La direcci\u00f3n del Departamento de Comunicaci\u00f3n Social de FADECS adhiere y comparte el comunicado de la Federaci\u00f3n Argentina de Carreras de Comunicaci\u00f3n Social (Fadeccos) por la censura previa del gobierno nacional.<\/p>\n<p>\u00abLa Federaci\u00f3n Argentina de Carreras de Comunicaci\u00f3n Social (FADECCOS) repudia la medida cautelar que impide la difusi\u00f3n de audios atribuidos a la secretaria general de la Presidencia, Karina Milei, y expresa su preocupaci\u00f3n frente al pedido de allanamientos a medios de comunicaci\u00f3n promovidos por el Ministerio de Seguridad. Estas decisiones constituyen actos de censura previa e intimidaci\u00f3n, contrarios a la Constituci\u00f3n Nacional y a los est\u00e1ndares internacionales de derechos humanos. Los funcionarios p\u00fablicos deben estar sujetos al escrutinio ciudadano y la libertad de expresi\u00f3n solo admite responsabilidades ulteriores, nunca restricciones preventivas. FADECCOS reclama la revisi\u00f3n urgente de estas medidas y reafirma que sin prensa libre y sin debate p\u00fablico no hay democracia plena\u00bb.<\/p>\n","protected":false},"excerpt":{"rendered":"<p>La direcci\u00f3n del Departamento de Comunicaci\u00f3n Social de FADECS adhiere y comparte el comunicado de la Federaci\u00f3n Argentina de Carreras de Comunicaci\u00f3n Social (Fadeccos) por la censura previa del gobierno nacional. \u00abLa Federaci\u00f3n Argentina de Carreras de Comunicaci\u00f3n Social (FADECCOS) repudia la medida cautelar que impide la difusi\u00f3n de audios atribuidos a la secretaria general [&hellip;]<\/p>\n","protected":false},"author":4,"featured_media":26291,"comment_status":"closed","ping_status":"closed","sticky":false,"template":"","format":"standard","meta":{"footnotes":""},"categories":[5],"tags":[],"class_list":["post-26290","post","type-post","status-publish","format-standard","has-post-thumbnail","hentry","category-notifadecs"],"_links":{"self":[{"href":"https:\/\/fadeweb.uncoma.edu.ar\/index.php\/wp-json\/wp\/v2\/posts\/26290","targetHints":{"allow":["GET"]}}],"collection":[{"href":"https:\/\/fadeweb.uncoma.edu.ar\/index.php\/wp-json\/wp\/v2\/posts"}],"about":[{"href":"https:\/\/fadeweb.uncoma.edu.ar\/index.php\/wp-json\/wp\/v2\/types\/post"}],"author":[{"embeddable":true,"href":"https:\/\/fadeweb.uncoma.edu.ar\/index.php\/wp-json\/wp\/v2\/users\/4"}],"replies":[{"embeddable":true,"href":"https:\/\/fadeweb.uncoma.edu.ar\/index.php\/wp-json\/wp\/v2\/comments?post=26290"}],"version-history":[{"count":1,"href":"https:\/\/fadeweb.uncoma.edu.ar\/index.php\/wp-json\/wp\/v2\/posts\/26290\/revisions"}],"predecessor-version":[{"id":26292,"href":"https:\/\/fadeweb.uncoma.edu.ar\/index.php\/wp-json\/wp\/v2\/posts\/26290\/revisions\/26292"}],"wp:featuredmedia":[{"embeddable":true,"href":"https:\/\/fadeweb.uncoma.edu.ar\/index.php\/wp-json\/wp\/v2\/media\/26291"}],"wp:attachment":[{"href":"https:\/\/fadeweb.uncoma.edu.ar\/index.php\/wp-json\/wp\/v2\/media?parent=26290"}],"wp:term":[{"taxonomy":"category","embeddable":true,"href":"https:\/\/fadeweb.uncoma.edu.ar\/index.php\/wp-json\/wp\/v2\/categories?post=26290"},{"taxonomy":"post_tag","embeddable":true,"href":"https:\/\/fadeweb.uncoma.edu.ar\/index.php\/wp-json\/wp\/v2\/tags?post=26290"}],"curies":[{"name":"wp","href":"https:\/\/api.w.org\/{rel}","templated":true}]}}