{"id":26278,"date":"2025-09-03T14:10:46","date_gmt":"2025-09-03T17:10:46","guid":{"rendered":"https:\/\/fadeweb.uncoma.edu.ar\/?p=26278"},"modified":"2025-09-03T14:10:46","modified_gmt":"2025-09-03T17:10:46","slug":"exposicion-presencial-del-dr-horacio-vero-ejercicio-profesional-de-la-abogacia","status":"publish","type":"post","link":"https:\/\/fadeweb.uncoma.edu.ar\/index.php\/2025\/09\/03\/exposicion-presencial-del-dr-horacio-vero-ejercicio-profesional-de-la-abogacia\/","title":{"rendered":"EXPOSICI\u00d3N PRESENCIAL DEL DR. HORACIO VERO \u00abEJERCICIO PROFESIONAL DE LA ABOGAC\u00cdA\u00bb"},"content":{"rendered":"<p><img fetchpriority=\"high\" decoding=\"async\" class=\"alignnone wp-image-26279\" src=\"https:\/\/fadeweb.uncoma.edu.ar\/wp-content\/uploads\/2025\/09\/QUE-ES-SER-ABOGADO.jpeg\" alt=\"EXPOSICION PRESENCIAL DE DR HORACIO VERO \nEJERCICIO PROFESIONAL DE LA ABOGACIA. COLEGIACION.\" width=\"600\" height=\"600\" srcset=\"https:\/\/fadeweb.uncoma.edu.ar\/wp-content\/uploads\/2025\/09\/QUE-ES-SER-ABOGADO.jpeg 658w, https:\/\/fadeweb.uncoma.edu.ar\/wp-content\/uploads\/2025\/09\/QUE-ES-SER-ABOGADO-300x300.jpeg 300w, https:\/\/fadeweb.uncoma.edu.ar\/wp-content\/uploads\/2025\/09\/QUE-ES-SER-ABOGADO-150x150.jpeg 150w\" sizes=\"(max-width: 600px) 100vw, 600px\" \/><\/p>\n<p>El Dr. Horacio Vero presentar\u00e1 reflexiones basadas en sus libros \u201cPoemas a Despacho\u201d, \u201cEl orgullo de ser abogado\u201d y \u201cCien a\u00f1os de libertad\u201d, el mi\u00e9rcoles 10 de septiembre a las 18 en la sede del Colegio de Abogados General Roca, en Villegas 967. El acceso es libre y gratuito.<\/p>\n<p>El encuentro est\u00e1 orientado especialmente a abogados\/as j\u00f3venes y matr\u00edcula en general. Dirigentes del Colegio. Profesores\/docentes universitarios\/Estudiantes \u00faltima etapa carrera de Abogac\u00eda.<\/p>\n<p>El temario que abordar\u00e1 el Dr. Vero incluye el abogado\/a. Vocaci\u00f3n. Juramento. Gu\u00edas y estilo de atenci\u00f3n. Contacto con colegas, magistrados y clientes. \u00c9tica. Publicidad. Aspectos disciplinarios. Funci\u00f3n social de la abogac\u00eda. Nuevos desaf\u00edos. Inteligencia artificial. Incumbencias. Colegiaci\u00f3n. Rol dirigencial. Objetivos de la abogac\u00eda organizada: Libre y digno ejercicio profesional. Optimizaci\u00f3n del servicio de justicia. Independencia del Poder Judicial.<\/p>\n<p><strong>Formulario de inscripci\u00f3n<\/strong> <a href=\"https:\/\/acortar.link\/sj7CG7\">https:\/\/acortar.link\/sj7CG7<\/a><\/p>\n","protected":false},"excerpt":{"rendered":"<p>El Dr. Horacio Vero presentar\u00e1 reflexiones basadas en sus libros \u201cPoemas a Despacho\u201d, \u201cEl orgullo de ser abogado\u201d y \u201cCien a\u00f1os de libertad\u201d, el mi\u00e9rcoles 10 de septiembre a las 18 en la sede del Colegio de Abogados General Roca, en Villegas 967. El acceso es libre y gratuito. El encuentro est\u00e1 orientado especialmente a [&hellip;]<\/p>\n","protected":false},"author":4,"featured_media":26279,"comment_status":"closed","ping_status":"closed","sticky":false,"template":"","format":"standard","meta":{"footnotes":""},"categories":[5],"tags":[],"class_list":["post-26278","post","type-post","status-publish","format-standard","has-post-thumbnail","hentry","category-notifadecs"],"_links":{"self":[{"href":"https:\/\/fadeweb.uncoma.edu.ar\/index.php\/wp-json\/wp\/v2\/posts\/26278","targetHints":{"allow":["GET"]}}],"collection":[{"href":"https:\/\/fadeweb.uncoma.edu.ar\/index.php\/wp-json\/wp\/v2\/posts"}],"about":[{"href":"https:\/\/fadeweb.uncoma.edu.ar\/index.php\/wp-json\/wp\/v2\/types\/post"}],"author":[{"embeddable":true,"href":"https:\/\/fadeweb.uncoma.edu.ar\/index.php\/wp-json\/wp\/v2\/users\/4"}],"replies":[{"embeddable":true,"href":"https:\/\/fadeweb.uncoma.edu.ar\/index.php\/wp-json\/wp\/v2\/comments?post=26278"}],"version-history":[{"count":1,"href":"https:\/\/fadeweb.uncoma.edu.ar\/index.php\/wp-json\/wp\/v2\/posts\/26278\/revisions"}],"predecessor-version":[{"id":26280,"href":"https:\/\/fadeweb.uncoma.edu.ar\/index.php\/wp-json\/wp\/v2\/posts\/26278\/revisions\/26280"}],"wp:featuredmedia":[{"embeddable":true,"href":"https:\/\/fadeweb.uncoma.edu.ar\/index.php\/wp-json\/wp\/v2\/media\/26279"}],"wp:attachment":[{"href":"https:\/\/fadeweb.uncoma.edu.ar\/index.php\/wp-json\/wp\/v2\/media?parent=26278"}],"wp:term":[{"taxonomy":"category","embeddable":true,"href":"https:\/\/fadeweb.uncoma.edu.ar\/index.php\/wp-json\/wp\/v2\/categories?post=26278"},{"taxonomy":"post_tag","embeddable":true,"href":"https:\/\/fadeweb.uncoma.edu.ar\/index.php\/wp-json\/wp\/v2\/tags?post=26278"}],"curies":[{"name":"wp","href":"https:\/\/api.w.org\/{rel}","templated":true}]}}