{"id":26265,"date":"2025-09-03T13:06:26","date_gmt":"2025-09-03T16:06:26","guid":{"rendered":"https:\/\/fadeweb.uncoma.edu.ar\/?p=26265"},"modified":"2025-09-03T13:07:04","modified_gmt":"2025-09-03T16:07:04","slug":"charla-politicas-publicas-y-produccion-audiovisual-en-rio-negro-desafios-y-oportunidades","status":"publish","type":"post","link":"https:\/\/fadeweb.uncoma.edu.ar\/index.php\/2025\/09\/03\/charla-politicas-publicas-y-produccion-audiovisual-en-rio-negro-desafios-y-oportunidades\/","title":{"rendered":"CHARLA | \u201cPOL\u00cdTICAS P\u00daBLICAS Y PRODUCCI\u00d3N AUDIOVISUAL EN R\u00cdO NEGRO: DESAF\u00cdOS Y OPORTUNIDADES\u201d"},"content":{"rendered":"<p><img fetchpriority=\"high\" decoding=\"async\" class=\"alignnone wp-image-26266\" src=\"https:\/\/fadeweb.uncoma.edu.ar\/wp-content\/uploads\/2025\/09\/Charla_Politicas-Publicas_difusion-1-819x1024.jpeg\" alt=\"CHARLA \u201cPOL\u00cdTICAS P\u00daBLICAS Y PRODUCCI\u00d3N AUDIOVISUAL EN R\u00cdO NEGRO: DESAF\u00cdOS Y OPORTUNIDADES\u201d\" width=\"480\" height=\"600\" srcset=\"https:\/\/fadeweb.uncoma.edu.ar\/wp-content\/uploads\/2025\/09\/Charla_Politicas-Publicas_difusion-1-819x1024.jpeg 819w, https:\/\/fadeweb.uncoma.edu.ar\/wp-content\/uploads\/2025\/09\/Charla_Politicas-Publicas_difusion-1-240x300.jpeg 240w, https:\/\/fadeweb.uncoma.edu.ar\/wp-content\/uploads\/2025\/09\/Charla_Politicas-Publicas_difusion-1-768x960.jpeg 768w, https:\/\/fadeweb.uncoma.edu.ar\/wp-content\/uploads\/2025\/09\/Charla_Politicas-Publicas_difusion-1.jpeg 1080w\" sizes=\"(max-width: 480px) 100vw, 480px\" \/><\/p>\n<p>El Proyecto de Investigaci\u00f3n \u201cNarrativas y Representaciones Patag\u00f3nicas\u201d 04\/D133 junto al Centro de Estudios Patag\u00f3nicos de Comunicaci\u00f3n y Cultura, radicado en la Facultad de Derecho y Ciencias Sociales de la Universidad Nacional del Comahue, presenta la charla \u201cPol\u00edticas p\u00fablicas y producci\u00f3n audiovisual en R\u00edo Negro: desaf\u00edos y oportunidades\u201d, y estar\u00e1 a cargo del docente Esp. Nicol\u00e1s Mart\u00ednez perteneciente al plantel docente del Dto. de Comunicaci\u00f3n Social de la FADECS y el Dto. de Artes Audiovisuales del Instituto Universitario Patag\u00f3nico de las Artes.<\/p>\n<p>El proyecto de investigaci\u00f3n se propone abordar las producciones y realizaciones, las narrativas y representaciones audiovisuales patag\u00f3nicas a trav\u00e9s de los cambios que se fueron gestando desde a\u00f1o 2009 hasta la actualidad. Sin dejar de analizar las continuidades y diferencias con la historia, relacionando las producciones y realizaciones de los primeros cineastas y audiovisualistas patag\u00f3nicos en la construcci\u00f3n de miradas posibles.<\/p>\n<p>En esta oportunidad -la tercera de este ciclo-, el docente e investigador expondr\u00e1 un an\u00e1lisis del sector audiovisual rionegrino. La charla abierta est\u00e1 destinada a realizadores, productores, docentes, estudiantes e investigadores del sector audiovisual y la comunicaci\u00f3n.<\/p>\n<p>La exposici\u00f3n abordar\u00e1 las principales reflexiones del trabajo de investigaci\u00f3n sobre el sector audiovisual que son temas de inter\u00e9s del autor y que analiza el estado actual del ecosistema audiovisual en la provincia, las desigualdades tecnol\u00f3gicas y geogr\u00e1ficas que enfrenta el sector y las oportunidades de fortalecimiento a trav\u00e9s de pol\u00edticas p\u00fablicas.<\/p>\n<p>Los ejes de la charla revisar\u00e1n los aspectos como las capacidades creativas y t\u00e9cnicas del sector audiovisual rionegrino; el impacto de las plataformas digitales y los est\u00e1ndares globales de producci\u00f3n y las brechas de equipamiento, financiamiento y formaci\u00f3n. El autor compartir\u00e1 tambi\u00e9n una propuesta de dise\u00f1o de pol\u00edtica p\u00fablica para democratizar el acceso a tecnolog\u00eda y fortalecer la producci\u00f3n regional. La propuesta prev\u00e9 una conversaci\u00f3n reflexiva entre los presentes sobre el devenir del sector audiovisual.<\/p>\n<p><strong>La exposici\u00f3n tendr\u00e1 lugar el jueves 4\/09, a partir de las 18 h, en el Set de televisi\u00f3n de la FADECS. La actividad es gratuita y no requiere inscripci\u00f3n previa.<\/strong><\/p>\n","protected":false},"excerpt":{"rendered":"<p>El Proyecto de Investigaci\u00f3n \u201cNarrativas y Representaciones Patag\u00f3nicas\u201d 04\/D133 junto al Centro de Estudios Patag\u00f3nicos de Comunicaci\u00f3n y Cultura, radicado en la Facultad de Derecho y Ciencias Sociales de la Universidad Nacional del Comahue, presenta la charla \u201cPol\u00edticas p\u00fablicas y producci\u00f3n audiovisual en R\u00edo Negro: desaf\u00edos y oportunidades\u201d, y estar\u00e1 a cargo del docente Esp. [&hellip;]<\/p>\n","protected":false},"author":4,"featured_media":26266,"comment_status":"closed","ping_status":"closed","sticky":false,"template":"","format":"standard","meta":{"footnotes":""},"categories":[5,1],"tags":[],"class_list":["post-26265","post","type-post","status-publish","format-standard","has-post-thumbnail","hentry","category-notifadecs","category-sin-categoria"],"_links":{"self":[{"href":"https:\/\/fadeweb.uncoma.edu.ar\/index.php\/wp-json\/wp\/v2\/posts\/26265","targetHints":{"allow":["GET"]}}],"collection":[{"href":"https:\/\/fadeweb.uncoma.edu.ar\/index.php\/wp-json\/wp\/v2\/posts"}],"about":[{"href":"https:\/\/fadeweb.uncoma.edu.ar\/index.php\/wp-json\/wp\/v2\/types\/post"}],"author":[{"embeddable":true,"href":"https:\/\/fadeweb.uncoma.edu.ar\/index.php\/wp-json\/wp\/v2\/users\/4"}],"replies":[{"embeddable":true,"href":"https:\/\/fadeweb.uncoma.edu.ar\/index.php\/wp-json\/wp\/v2\/comments?post=26265"}],"version-history":[{"count":2,"href":"https:\/\/fadeweb.uncoma.edu.ar\/index.php\/wp-json\/wp\/v2\/posts\/26265\/revisions"}],"predecessor-version":[{"id":26268,"href":"https:\/\/fadeweb.uncoma.edu.ar\/index.php\/wp-json\/wp\/v2\/posts\/26265\/revisions\/26268"}],"wp:featuredmedia":[{"embeddable":true,"href":"https:\/\/fadeweb.uncoma.edu.ar\/index.php\/wp-json\/wp\/v2\/media\/26266"}],"wp:attachment":[{"href":"https:\/\/fadeweb.uncoma.edu.ar\/index.php\/wp-json\/wp\/v2\/media?parent=26265"}],"wp:term":[{"taxonomy":"category","embeddable":true,"href":"https:\/\/fadeweb.uncoma.edu.ar\/index.php\/wp-json\/wp\/v2\/categories?post=26265"},{"taxonomy":"post_tag","embeddable":true,"href":"https:\/\/fadeweb.uncoma.edu.ar\/index.php\/wp-json\/wp\/v2\/tags?post=26265"}],"curies":[{"name":"wp","href":"https:\/\/api.w.org\/{rel}","templated":true}]}}