{"id":26177,"date":"2025-08-25T14:19:18","date_gmt":"2025-08-25T17:19:18","guid":{"rendered":"https:\/\/fadeweb.uncoma.edu.ar\/?p=26177"},"modified":"2025-09-05T13:14:54","modified_gmt":"2025-09-05T16:14:54","slug":"inscripcion-a-talleres-upami-2023-segundo-cuatrimestre-2","status":"publish","type":"post","link":"https:\/\/fadeweb.uncoma.edu.ar\/index.php\/2025\/08\/25\/inscripcion-a-talleres-upami-2023-segundo-cuatrimestre-2\/","title":{"rendered":"INSCRIPCI\u00d3N A TALLERES UPAMI 2025 SEGUNDO CUATRIMESTRE"},"content":{"rendered":"<p><img fetchpriority=\"high\" decoding=\"async\" class=\"alignnone wp-image-26178\" src=\"https:\/\/fadeweb.uncoma.edu.ar\/wp-content\/uploads\/2025\/08\/talleres-2025-2-b-819x1024.jpg\" alt=\"INSCRIPCI\u00d3N A TALLERES UPAMI 2023 SEGUNDO CUATRIMESTRE La Secretar\u00eda de Extensi\u00f3n de la FADECS-UNCo informa que la inscripci\u00f3n a los talleres UPAMI 2025 para este segundo cuatrimestre estar\u00e1n abiertas desde el 25 de agosto al 30 de septiembre. La lista de los talleres es esta: Talleres Virtuales Alimentaci\u00f3n saludable \u2013 Jueves de 18 a 20 \u2013 M. Candela Gonzalez Te contamos nuestra historia \u2013 Mi\u00e9rcoles de 10 a 12 \u2013 Oscar Casanova Conversaciones sobre filosof\u00eda \u2013 Jueves de 14 a 16 \u2013 Mart\u00edn D\u00edaz Derecho de familia y sucesiones \u2013 Mi\u00e9rcoles de 16 a 18 \u2013 Camila Etulain Bienvenidos a Canva \u2013 Lunes de 16 a 18 \u2013 Cecilia Daniele Caminamos por la historia: relatos y entrevistas \u2013 Martes de 15 a 17 \u2013 Jorge Subrini Conociendo mis derechos \u2013 Mi\u00e9rcoles de 10 a 12 \u2013 Ver\u00f3nica Ortiz Escritura interactiva \u2013 Martes de 14 a 16 \u2013 Cecilia Daniele Estimulaci\u00f3n cognitiva \u2013 Jueves de 16 a 18 \u2013 Mauro Huenchul Inform\u00e1tica inicial \u2013 S\u00e1bado de 8 a 10 \u2013 Diego Iraldi Inform\u00e1tica intermedio \u2013 S\u00e1bado de 10 a 12 \u2013 Diego Iraldi Talleres Presenciales Estimulaci\u00f3n cognitiva \u2013 Viernes de 10 a 12 \u2013 Mauro Huenchul Te contamos nuestra historia \u2013 Jueves de 10 a 12 \u2013 Oscar Casanova Arte terapia \u2013 Mi\u00e9rcoles de 16 a 18 \u2013 Mauro Huenchul El dictado de los cursos virtuales comenzar\u00e1 durante la segunda semana de septiembre Las inscripciones se podr\u00e1n realizar: De manera VIRTUAL, a trav\u00e9s de la p\u00e1gina https:\/\/comunidad.pami.org.ar\/talleresycursos\/inicio PRESENCIAL, en la sede de PAMI (esquina 9 de Julio y Belgrano), del 25 de agosto al 30 de septiembre Por CELULAR al 2932 411793 o al CORREO ELECTR\u00d3NICO: upamifadecs@gmail.com Los talleres comenzar\u00e1n a dictarse siempre que cuenten con la cantidad de inscriptos necesarios para iniciar. Por cualquier duda o consultas e informaci\u00f3n sobre los diferentes talleres, comunicarse al mail upamifadecs@gmail.com o al n\u00famero 2932 411793. \u00a1Las y los esperamos!\" width=\"480\" height=\"600\" srcset=\"https:\/\/fadeweb.uncoma.edu.ar\/wp-content\/uploads\/2025\/08\/talleres-2025-2-b-819x1024.jpg 819w, https:\/\/fadeweb.uncoma.edu.ar\/wp-content\/uploads\/2025\/08\/talleres-2025-2-b-240x300.jpg 240w, https:\/\/fadeweb.uncoma.edu.ar\/wp-content\/uploads\/2025\/08\/talleres-2025-2-b-768x960.jpg 768w, https:\/\/fadeweb.uncoma.edu.ar\/wp-content\/uploads\/2025\/08\/talleres-2025-2-b.jpg 1080w\" sizes=\"(max-width: 480px) 100vw, 480px\" \/><\/p>\n<p>&nbsp;<\/p>\n<p>La Secretar\u00eda de Extensi\u00f3n de la FADECS-UNCo informa que la inscripci\u00f3n a los talleres UPAMI 2025 para este segundo cuatrimestre estar\u00e1n abiertas desde el 25 de agosto al 30 de septiembre.<\/p>\n<p>La lista de los talleres es esta:<\/p>\n<p><strong>Talleres Virtuales<\/strong><\/p>\n<ul>\n<li>Alimentaci\u00f3n saludable \u2013 jueves de 18 a 20 \u2013 M. C. Gonz\u00e1lez<\/li>\n<li>Te contamos nuestra historia \u2013 mi\u00e9rcoles de 10 a 12 \u2013 O. Casanova<\/li>\n<li>Conversaciones sobre filosof\u00eda \u2013 jueves de 14 a 16 \u2013 M. D\u00edaz<\/li>\n<li>Derecho de familia y sucesiones \u2013 mi\u00e9rcoles de 16 a 18 \u2013 C.Etulain<\/li>\n<li>Bienvenidos a Canva \u2013 lunes de 16 a 18 \u2013 C.Daniele<\/li>\n<li data-start=\"106\" data-end=\"192\">Caminamos por la historia: relatos y entrevistas \u2013 martes de 15 a 17 \u2013 J. Subrini<\/li>\n<li data-start=\"194\" data-end=\"259\">Conociendo mis derechos \u2013 mi\u00e9rcoles de 10 a 12 \u2013 V. Ortiz<\/li>\n<li data-start=\"261\" data-end=\"322\">Escritura interactiva \u2013 martes de 14 a 16 \u2013 C. Daniele<\/li>\n<li data-start=\"324\" data-end=\"385\">Estimulaci\u00f3n cognitiva \u2013 jueves de 16 a 18 \u2013 M. Huenchul<\/li>\n<li data-start=\"387\" data-end=\"442\">Inform\u00e1tica inicial \u2013 s\u00e1bado de 8 a 10 \u2013 D. Iraldi<\/li>\n<li data-start=\"444\" data-end=\"503\">Inform\u00e1tico intermedio \u2013 s\u00e1bado de 10 a 12 \u2013 D.Iraldi<\/li>\n<\/ul>\n<p data-start=\"505\" data-end=\"528\"><strong>Talleres Presenciales<\/strong><\/p>\n<ul>\n<li data-start=\"530\" data-end=\"592\">Estimulaci\u00f3n cognitiva \u2013 viernes de 10 a 12 \u2013 M. Huenchul<\/li>\n<li data-start=\"594\" data-end=\"661\">Te contamos nuestra historia \u2013 jueves de 10 a 12 \u2013 O. Casanova<\/li>\n<li data-start=\"663\" data-end=\"717\" data-is-last-node=\"\" data-is-only-node=\"\">Arte terapia \u2013 mi\u00e9rcoles de 16 a 18 \u2013 M. Huenchul<\/li>\n<\/ul>\n<p>El dictado de los cursos virtuales comenzar\u00e1 durante la segunda semana de septiembre<\/p>\n<p><strong>Las inscripciones se podr\u00e1n realizar:<\/strong><\/p>\n<p>De manera VIRTUAL, a trav\u00e9s de la p\u00e1gina <a href=\"https:\/\/comunidad.pami.org.ar\/talleresycursos\/inicio\">https:\/\/comunidad.pami.org.ar\/talleresycursos\/inicio<\/a><\/p>\n<p>PRESENCIAL, en la sede de PAMI (esquina 9 de Julio y Belgrano), del 25 de agosto al 30 de septiembre<\/p>\n<p>Por CELULAR al 2932 411793 o al CORREO ELECTR\u00d3NICO: <a href=\"mailto:upamifadecs@gmail.com\">upamifadecs@gmail.com<\/a><\/p>\n<p>Los talleres comenzar\u00e1n a dictarse siempre que cuenten con la cantidad de inscriptos necesarios para iniciar.<\/p>\n<p>Por cualquier duda o consultas e informaci\u00f3n sobre los diferentes talleres, comunicarse al mail <a href=\"mailto:upamifadecs@gmail.com\">upamifadecs@gmail.com<\/a> o al n\u00famero 2932 411793.<\/p>\n<p>\u00a1Las y los esperamos!<\/p>\n","protected":false},"excerpt":{"rendered":"<p>&nbsp; La Secretar\u00eda de Extensi\u00f3n de la FADECS-UNCo informa que la inscripci\u00f3n a los talleres UPAMI 2025 para este segundo cuatrimestre estar\u00e1n abiertas desde el 25 de agosto al 30 de septiembre. La lista de los talleres es esta: Talleres Virtuales Alimentaci\u00f3n saludable \u2013 jueves de 18 a 20 \u2013 M. C. Gonz\u00e1lez Te contamos [&hellip;]<\/p>\n","protected":false},"author":4,"featured_media":26178,"comment_status":"closed","ping_status":"closed","sticky":false,"template":"","format":"standard","meta":{"footnotes":""},"categories":[5,75],"tags":[],"class_list":["post-26177","post","type-post","status-publish","format-standard","has-post-thumbnail","hentry","category-notifadecs","category-upami"],"_links":{"self":[{"href":"https:\/\/fadeweb.uncoma.edu.ar\/index.php\/wp-json\/wp\/v2\/posts\/26177","targetHints":{"allow":["GET"]}}],"collection":[{"href":"https:\/\/fadeweb.uncoma.edu.ar\/index.php\/wp-json\/wp\/v2\/posts"}],"about":[{"href":"https:\/\/fadeweb.uncoma.edu.ar\/index.php\/wp-json\/wp\/v2\/types\/post"}],"author":[{"embeddable":true,"href":"https:\/\/fadeweb.uncoma.edu.ar\/index.php\/wp-json\/wp\/v2\/users\/4"}],"replies":[{"embeddable":true,"href":"https:\/\/fadeweb.uncoma.edu.ar\/index.php\/wp-json\/wp\/v2\/comments?post=26177"}],"version-history":[{"count":2,"href":"https:\/\/fadeweb.uncoma.edu.ar\/index.php\/wp-json\/wp\/v2\/posts\/26177\/revisions"}],"predecessor-version":[{"id":26300,"href":"https:\/\/fadeweb.uncoma.edu.ar\/index.php\/wp-json\/wp\/v2\/posts\/26177\/revisions\/26300"}],"wp:featuredmedia":[{"embeddable":true,"href":"https:\/\/fadeweb.uncoma.edu.ar\/index.php\/wp-json\/wp\/v2\/media\/26178"}],"wp:attachment":[{"href":"https:\/\/fadeweb.uncoma.edu.ar\/index.php\/wp-json\/wp\/v2\/media?parent=26177"}],"wp:term":[{"taxonomy":"category","embeddable":true,"href":"https:\/\/fadeweb.uncoma.edu.ar\/index.php\/wp-json\/wp\/v2\/categories?post=26177"},{"taxonomy":"post_tag","embeddable":true,"href":"https:\/\/fadeweb.uncoma.edu.ar\/index.php\/wp-json\/wp\/v2\/tags?post=26177"}],"curies":[{"name":"wp","href":"https:\/\/api.w.org\/{rel}","templated":true}]}}