{"id":26174,"date":"2025-08-25T11:17:11","date_gmt":"2025-08-25T14:17:11","guid":{"rendered":"https:\/\/fadeweb.uncoma.edu.ar\/?p=26174"},"modified":"2025-08-25T11:17:11","modified_gmt":"2025-08-25T14:17:11","slug":"reunion-de-trabajo-de-las-carreras-de-comunicacion-social","status":"publish","type":"post","link":"https:\/\/fadeweb.uncoma.edu.ar\/index.php\/2025\/08\/25\/reunion-de-trabajo-de-las-carreras-de-comunicacion-social\/","title":{"rendered":"REUNI\u00d3N DE TRABAJO DE LAS CARRERAS DE COMUNICACI\u00d3N SOCIAL"},"content":{"rendered":"<p><img fetchpriority=\"high\" decoding=\"async\" class=\"alignnone wp-image-26175\" src=\"https:\/\/fadeweb.uncoma.edu.ar\/wp-content\/uploads\/2025\/08\/comun-social-fadecs-1024x1024.jpg\" alt=\"REUNI\u00d3N DE TRABAJO DE LAS CARRERAS DE COMUNICACI\u00d3N SOCIAL\" width=\"600\" height=\"600\" srcset=\"https:\/\/fadeweb.uncoma.edu.ar\/wp-content\/uploads\/2025\/08\/comun-social-fadecs-1024x1024.jpg 1024w, https:\/\/fadeweb.uncoma.edu.ar\/wp-content\/uploads\/2025\/08\/comun-social-fadecs-300x300.jpg 300w, https:\/\/fadeweb.uncoma.edu.ar\/wp-content\/uploads\/2025\/08\/comun-social-fadecs-150x150.jpg 150w, https:\/\/fadeweb.uncoma.edu.ar\/wp-content\/uploads\/2025\/08\/comun-social-fadecs-768x768.jpg 768w, https:\/\/fadeweb.uncoma.edu.ar\/wp-content\/uploads\/2025\/08\/comun-social-fadecs.jpg 1280w\" sizes=\"(max-width: 600px) 100vw, 600px\" \/><\/p>\n<p>El departamento de Comunicaci\u00f3n Social de la FADECS convoca a estudiantes, docentes y graduadas\/os de las carreras de Licenciatura y Profesorado, a una reuni\u00f3n de trabajo de nuestras carreras a realizarse el jueves 4 de septiembre a las 14 hs en el aula 13, para tratar dos proyectos:<\/p>\n<ul>\n<li>Modificaci\u00f3n de las modalidades de tesis de licenciatura:\n<ul>\n<li>ampliar los formatos: tesis de investigaci\u00f3n, tesis de producci\u00f3n, tesis de gesti\u00f3n<\/li>\n<li>posibilidad de conformar duplas en cualquier formato de tesis<\/li>\n<\/ul>\n<\/li>\n<li>Programa de revinculaci\u00f3n de estudiantes avanzadas\/os (#EnCarrera)<\/li>\n<\/ul>\n<p>En la reuni\u00f3n de trabajo debatiremos sobre los proyectos e intentaremos darle la redacci\u00f3n final para su tratamiento en el pr\u00f3ximo Consejo Directivo.<\/p>\n","protected":false},"excerpt":{"rendered":"<p>El departamento de Comunicaci\u00f3n Social de la FADECS convoca a estudiantes, docentes y graduadas\/os de las carreras de Licenciatura y Profesorado, a una reuni\u00f3n de trabajo de nuestras carreras a realizarse el jueves 4 de septiembre a las 14 hs en el aula 13, para tratar dos proyectos: Modificaci\u00f3n de las modalidades de tesis de [&hellip;]<\/p>\n","protected":false},"author":4,"featured_media":26175,"comment_status":"closed","ping_status":"closed","sticky":false,"template":"","format":"standard","meta":{"footnotes":""},"categories":[5],"tags":[],"class_list":["post-26174","post","type-post","status-publish","format-standard","has-post-thumbnail","hentry","category-notifadecs"],"_links":{"self":[{"href":"https:\/\/fadeweb.uncoma.edu.ar\/index.php\/wp-json\/wp\/v2\/posts\/26174","targetHints":{"allow":["GET"]}}],"collection":[{"href":"https:\/\/fadeweb.uncoma.edu.ar\/index.php\/wp-json\/wp\/v2\/posts"}],"about":[{"href":"https:\/\/fadeweb.uncoma.edu.ar\/index.php\/wp-json\/wp\/v2\/types\/post"}],"author":[{"embeddable":true,"href":"https:\/\/fadeweb.uncoma.edu.ar\/index.php\/wp-json\/wp\/v2\/users\/4"}],"replies":[{"embeddable":true,"href":"https:\/\/fadeweb.uncoma.edu.ar\/index.php\/wp-json\/wp\/v2\/comments?post=26174"}],"version-history":[{"count":1,"href":"https:\/\/fadeweb.uncoma.edu.ar\/index.php\/wp-json\/wp\/v2\/posts\/26174\/revisions"}],"predecessor-version":[{"id":26176,"href":"https:\/\/fadeweb.uncoma.edu.ar\/index.php\/wp-json\/wp\/v2\/posts\/26174\/revisions\/26176"}],"wp:featuredmedia":[{"embeddable":true,"href":"https:\/\/fadeweb.uncoma.edu.ar\/index.php\/wp-json\/wp\/v2\/media\/26175"}],"wp:attachment":[{"href":"https:\/\/fadeweb.uncoma.edu.ar\/index.php\/wp-json\/wp\/v2\/media?parent=26174"}],"wp:term":[{"taxonomy":"category","embeddable":true,"href":"https:\/\/fadeweb.uncoma.edu.ar\/index.php\/wp-json\/wp\/v2\/categories?post=26174"},{"taxonomy":"post_tag","embeddable":true,"href":"https:\/\/fadeweb.uncoma.edu.ar\/index.php\/wp-json\/wp\/v2\/tags?post=26174"}],"curies":[{"name":"wp","href":"https:\/\/api.w.org\/{rel}","templated":true}]}}