{"id":26155,"date":"2025-08-22T13:42:44","date_gmt":"2025-08-22T16:42:44","guid":{"rendered":"https:\/\/fadeweb.uncoma.edu.ar\/?p=26155"},"modified":"2025-08-22T14:10:50","modified_gmt":"2025-08-22T17:10:50","slug":"proyecto-de-fadecs-es-seleccionado-en-convocatoria-fortalecimiento-de-la-extension-universitaria","status":"publish","type":"post","link":"https:\/\/fadeweb.uncoma.edu.ar\/index.php\/2025\/08\/22\/proyecto-de-fadecs-es-seleccionado-en-convocatoria-fortalecimiento-de-la-extension-universitaria\/","title":{"rendered":"PROYECTO DE FADECS ES APROBADO EN CONVOCATORIA \u00abFORTALECIMIENTO DE LA EXTENSI\u00d3N UNIVERSITARIA\u201d"},"content":{"rendered":"<p><img fetchpriority=\"high\" decoding=\"async\" class=\"alignnone wp-image-26163\" src=\"https:\/\/fadeweb.uncoma.edu.ar\/wp-content\/uploads\/2025\/08\/ext-monasterio-1.jpg\" alt=\"\" width=\"424\" height=\"600\" srcset=\"https:\/\/fadeweb.uncoma.edu.ar\/wp-content\/uploads\/2025\/08\/ext-monasterio-1.jpg 724w, https:\/\/fadeweb.uncoma.edu.ar\/wp-content\/uploads\/2025\/08\/ext-monasterio-1-212x300.jpg 212w\" sizes=\"(max-width: 424px) 100vw, 424px\" \/><\/p>\n<p>En el marco de la puesta en marcha de la Convocatoria \u201cFortalecimiento de la extensi\u00f3n universitaria\u201d, la Universidad Nacional del Comahue aprob\u00f3 el proyecto \u201cHabitar la memoria: derechos humanos, j\u00f3venes y di\u00e1logo de saberes en el territorio\u201d, cuyo responsable es el profesor de la FADECS Julio Cesar Monasterio.<\/p>\n<p>En esta oportunidad, el Consejo de Extensi\u00f3n aprob\u00f3 cuarenta proyectos encuadrados en la Convocatoria Extraordinaria \u201cCompromiso de la Extensi\u00f3n Universitaria con la Educaci\u00f3n. Leemos nuestro mundo. Escribimos nuestro presente y nuestro futuro\u201d. La iniciativa contempla las dos l\u00edneas prioritarias y en \u00e9sta primera etapa el presupuesto se destinar\u00e1 a formalizar convocatorias internas de proyectos de extensi\u00f3n que tengan como prioridad la alfabetizaci\u00f3n de la lecto-escritura en personas j\u00f3venes y adultas.<\/p>\n","protected":false},"excerpt":{"rendered":"<p>En el marco de la puesta en marcha de la Convocatoria \u201cFortalecimiento de la extensi\u00f3n universitaria\u201d, la Universidad Nacional del Comahue aprob\u00f3 el proyecto \u201cHabitar la memoria: derechos humanos, j\u00f3venes y di\u00e1logo de saberes en el territorio\u201d, cuyo responsable es el profesor de la FADECS Julio Cesar Monasterio. En esta oportunidad, el Consejo de Extensi\u00f3n [&hellip;]<\/p>\n","protected":false},"author":4,"featured_media":26163,"comment_status":"closed","ping_status":"closed","sticky":false,"template":"","format":"standard","meta":{"footnotes":""},"categories":[5],"tags":[],"class_list":["post-26155","post","type-post","status-publish","format-standard","has-post-thumbnail","hentry","category-notifadecs"],"_links":{"self":[{"href":"https:\/\/fadeweb.uncoma.edu.ar\/index.php\/wp-json\/wp\/v2\/posts\/26155","targetHints":{"allow":["GET"]}}],"collection":[{"href":"https:\/\/fadeweb.uncoma.edu.ar\/index.php\/wp-json\/wp\/v2\/posts"}],"about":[{"href":"https:\/\/fadeweb.uncoma.edu.ar\/index.php\/wp-json\/wp\/v2\/types\/post"}],"author":[{"embeddable":true,"href":"https:\/\/fadeweb.uncoma.edu.ar\/index.php\/wp-json\/wp\/v2\/users\/4"}],"replies":[{"embeddable":true,"href":"https:\/\/fadeweb.uncoma.edu.ar\/index.php\/wp-json\/wp\/v2\/comments?post=26155"}],"version-history":[{"count":5,"href":"https:\/\/fadeweb.uncoma.edu.ar\/index.php\/wp-json\/wp\/v2\/posts\/26155\/revisions"}],"predecessor-version":[{"id":26164,"href":"https:\/\/fadeweb.uncoma.edu.ar\/index.php\/wp-json\/wp\/v2\/posts\/26155\/revisions\/26164"}],"wp:featuredmedia":[{"embeddable":true,"href":"https:\/\/fadeweb.uncoma.edu.ar\/index.php\/wp-json\/wp\/v2\/media\/26163"}],"wp:attachment":[{"href":"https:\/\/fadeweb.uncoma.edu.ar\/index.php\/wp-json\/wp\/v2\/media?parent=26155"}],"wp:term":[{"taxonomy":"category","embeddable":true,"href":"https:\/\/fadeweb.uncoma.edu.ar\/index.php\/wp-json\/wp\/v2\/categories?post=26155"},{"taxonomy":"post_tag","embeddable":true,"href":"https:\/\/fadeweb.uncoma.edu.ar\/index.php\/wp-json\/wp\/v2\/tags?post=26155"}],"curies":[{"name":"wp","href":"https:\/\/api.w.org\/{rel}","templated":true}]}}