{"id":26149,"date":"2025-08-22T10:39:27","date_gmt":"2025-08-22T13:39:27","guid":{"rendered":"https:\/\/fadeweb.uncoma.edu.ar\/?p=26149"},"modified":"2025-08-22T10:39:27","modified_gmt":"2025-08-22T13:39:27","slug":"sin-financiamiento-no-hay-futuro-llamado-de-alerta-desde-la-fadecs","status":"publish","type":"post","link":"https:\/\/fadeweb.uncoma.edu.ar\/index.php\/2025\/08\/22\/sin-financiamiento-no-hay-futuro-llamado-de-alerta-desde-la-fadecs\/","title":{"rendered":"SIN FINANCIAMIENTO NO HAY FUTURO: LLAMADO DE ALERTA DESDE LA FADECS"},"content":{"rendered":"<p><img fetchpriority=\"high\" decoding=\"async\" class=\"alignnone size-full wp-image-26150\" src=\"https:\/\/fadeweb.uncoma.edu.ar\/wp-content\/uploads\/2025\/08\/prensa-senado.jpg\" alt=\"SIN FINANCIAMIENTO NO HAY FUTURO: LLAMADO DE ALERTA DESDE LA FADECS\" width=\"700\" height=\"467\" srcset=\"https:\/\/fadeweb.uncoma.edu.ar\/wp-content\/uploads\/2025\/08\/prensa-senado.jpg 700w, https:\/\/fadeweb.uncoma.edu.ar\/wp-content\/uploads\/2025\/08\/prensa-senado-300x200.jpg 300w\" sizes=\"(max-width: 700px) 100vw, 700px\" \/><\/p>\n<p>El Consejo Directivo de la Facultad de Derecho y Ciencias Sociales (FADECS) se suma al reclamo nacional por la aprobaci\u00f3n de la Ley de Financiamiento Universitario y la recomposici\u00f3n salarial docente, que ser\u00e1 debatida este jueves en el Senado. Esta ley, ya con media sanci\u00f3n en Diputados, representa una respuesta parcial a la emergencia presupuestaria que atraviesan las universidades p\u00fablicas argentinas.<\/p>\n<p>Por eso, desde el m\u00e1ximo \u00f3rgano de gobierno de la facultad, exigimos a los senadores de la Naci\u00f3n en general, a los representantes de las provincias de R\u00edo Negro y Neuqu\u00e9n en particular, su aprobaci\u00f3n y la garant\u00eda de sostener su vigencia contra el anunciado veto presidencial.<\/p>\n<p>Desde 2023 el presupuesto universitario ha sido prorrogado, sin acompa\u00f1ar la evoluci\u00f3n de la econom\u00eda, convirti\u00e9ndose as\u00ed en el m\u00e1s bajo en tres d\u00e9cadas. El deterioro se extiende a infraestructura, becas, investigaci\u00f3n y condiciones laborales. Desde entonces, tambi\u00e9n el salario docente y no docente ha perdido hasta un 40% de su poder adquisitivo, generando que m\u00e1s del 85% del cuerpo docente y del 60% del claustro no docente se encuentren por debajo de la l\u00ednea de pobreza.<\/p>\n<p>En nuestra facultad, las clases contin\u00faan gracias al esfuerzo de toda la comunidad universitaria. Trabajadores no docentes desempe\u00f1an sus tareas en espacios sin calefacci\u00f3n y con deterioro edilicio; docentes y estudiantes enfrentan aulas deterioradas, laboratorios sin insumos y becas insuficientes. Es decir, est\u00e1n vaciando deliberada e intencionalmente las universidades.<\/p>\n<p>La ley que se debatir\u00e1 propone elevar progresivamente el presupuesto universitario hasta alcanzar el 1,5% del PBI en 2031, garantizar paritarias, recomponer salarios y ampliar el sistema de becas. No se trata de una expansi\u00f3n, sino de asegurar la subsistencia de un sistema que comprende 54 universidades nacionales a la que asisten 2 millones de estudiantes y m\u00e1s de 200 mil docentes.<\/p>\n<p>No hay que pasar por alto el hecho de que el gobierno de Milei anul\u00f3 los impuestos a los grandes empresarios agr\u00edcolas (que representa el 0,22 del PBI) y que la Ley de Financiamiento Universitario significa el 0,14 del PBI, es decir, casi la mitad de lo que se le anul\u00f3 al sector concentrado agr\u00edcola.<\/p>\n<p>Tambi\u00e9n este a\u00f1o destinaron el 4,8 del PBI en pagos a bancos y especuladores, as\u00ed como en mantener bajo el d\u00f3lar, mientras que el aumento de jubilades, discapacidad y el presupuesto universitario implica menos de 1,9 del PBI. Esto quiere decir que existen recursos disponibles, pero las prioridades y las decisiones pol\u00edticas del gobierno est\u00e1n en mantener el equilibrio fiscal y el pago al FMI, por medio del ajuste.<\/p>\n<p>La FADECS exige no s\u00f3lo la aprobaci\u00f3n del proyecto, sino tambi\u00e9n el blindaje frente a un posible veto presidencial, como ocurri\u00f3 en 2024. Este reclamo se extiende a otras leyes de emergencia, como la sanitaria, la de protecci\u00f3n a personas con discapacidad y las jubilaciones, que tambi\u00e9n han sido blanco del ajuste. Mientras se recortan derechos, se beneficia a sectores concentrados con blanqueos, baja de retenciones y eliminaci\u00f3n de impuestos.<\/p>\n<p>Adem\u00e1s, con la lucha universitaria y las dos Marchas Federales en todo el pa\u00eds, el 23 de abril y el 2 de octubre de 2024, se logr\u00f3 conseguir una parte del Presupuesto Universitario (pero solo de funcionamiento). Por ello, convocamos a una Tercera Marcha Federal Universitaria y a una movilizaci\u00f3n en todas las ciudades del pa\u00eds, incluyendo Fiske Menuco, el d\u00eda que se trate el veto ya anunciado por el gobierno, para demostrar el enorme apoyo de la comunidad a la Universidad P\u00fablica, la unidad con los y las trabajadores y sectores en lucha para fortalecer la defensa de la educaci\u00f3n p\u00fablica (Resoluci\u00f3n N\u00b0 0161\/2025).<\/p>\n","protected":false},"excerpt":{"rendered":"<p>El Consejo Directivo de la Facultad de Derecho y Ciencias Sociales (FADECS) se suma al reclamo nacional por la aprobaci\u00f3n de la Ley de Financiamiento Universitario y la recomposici\u00f3n salarial docente, que ser\u00e1 debatida este jueves en el Senado. Esta ley, ya con media sanci\u00f3n en Diputados, representa una respuesta parcial a la emergencia presupuestaria [&hellip;]<\/p>\n","protected":false},"author":4,"featured_media":26150,"comment_status":"closed","ping_status":"closed","sticky":false,"template":"","format":"standard","meta":{"footnotes":""},"categories":[5],"tags":[],"class_list":["post-26149","post","type-post","status-publish","format-standard","has-post-thumbnail","hentry","category-notifadecs"],"_links":{"self":[{"href":"https:\/\/fadeweb.uncoma.edu.ar\/index.php\/wp-json\/wp\/v2\/posts\/26149","targetHints":{"allow":["GET"]}}],"collection":[{"href":"https:\/\/fadeweb.uncoma.edu.ar\/index.php\/wp-json\/wp\/v2\/posts"}],"about":[{"href":"https:\/\/fadeweb.uncoma.edu.ar\/index.php\/wp-json\/wp\/v2\/types\/post"}],"author":[{"embeddable":true,"href":"https:\/\/fadeweb.uncoma.edu.ar\/index.php\/wp-json\/wp\/v2\/users\/4"}],"replies":[{"embeddable":true,"href":"https:\/\/fadeweb.uncoma.edu.ar\/index.php\/wp-json\/wp\/v2\/comments?post=26149"}],"version-history":[{"count":1,"href":"https:\/\/fadeweb.uncoma.edu.ar\/index.php\/wp-json\/wp\/v2\/posts\/26149\/revisions"}],"predecessor-version":[{"id":26151,"href":"https:\/\/fadeweb.uncoma.edu.ar\/index.php\/wp-json\/wp\/v2\/posts\/26149\/revisions\/26151"}],"wp:featuredmedia":[{"embeddable":true,"href":"https:\/\/fadeweb.uncoma.edu.ar\/index.php\/wp-json\/wp\/v2\/media\/26150"}],"wp:attachment":[{"href":"https:\/\/fadeweb.uncoma.edu.ar\/index.php\/wp-json\/wp\/v2\/media?parent=26149"}],"wp:term":[{"taxonomy":"category","embeddable":true,"href":"https:\/\/fadeweb.uncoma.edu.ar\/index.php\/wp-json\/wp\/v2\/categories?post=26149"},{"taxonomy":"post_tag","embeddable":true,"href":"https:\/\/fadeweb.uncoma.edu.ar\/index.php\/wp-json\/wp\/v2\/tags?post=26149"}],"curies":[{"name":"wp","href":"https:\/\/api.w.org\/{rel}","templated":true}]}}