{"id":26142,"date":"2025-08-22T09:14:07","date_gmt":"2025-08-22T12:14:07","guid":{"rendered":"https:\/\/fadeweb.uncoma.edu.ar\/?p=26142"},"modified":"2025-08-22T09:14:07","modified_gmt":"2025-08-22T12:14:07","slug":"jornadas-aniversario-15-anos-de-la-undav-10-anos-de-la-carrera-de-abogacia-y-10-anos-del-codigo-civil-y-comercial-de-la-nacion","status":"publish","type":"post","link":"https:\/\/fadeweb.uncoma.edu.ar\/index.php\/2025\/08\/22\/jornadas-aniversario-15-anos-de-la-undav-10-anos-de-la-carrera-de-abogacia-y-10-anos-del-codigo-civil-y-comercial-de-la-nacion\/","title":{"rendered":"JORNADAS ANIVERSARIO: 15 A\u00d1OS DE LA UNDAV, 10 a\u00f1os de la Carrera de Abogac\u00eda y 10 a\u00f1os del C\u00f3digo Civil y Comercial de la Naci\u00f3n."},"content":{"rendered":"<p><img fetchpriority=\"high\" decoding=\"async\" class=\"alignnone wp-image-26143\" src=\"https:\/\/fadeweb.uncoma.edu.ar\/wp-content\/uploads\/2025\/08\/dp1-819x1024.jpg\" alt=\"JORNADAS ANIVERSARIO: 15 A\u00d1OS DE LA UNDAV, 10 a\u00f1os de la Carrera de Abogac\u00eda y 10 a\u00f1os del C\u00f3digo Civil y Comercial de la Naci\u00f3n.\" width=\"400\" height=\"500\" srcset=\"https:\/\/fadeweb.uncoma.edu.ar\/wp-content\/uploads\/2025\/08\/dp1-819x1024.jpg 819w, https:\/\/fadeweb.uncoma.edu.ar\/wp-content\/uploads\/2025\/08\/dp1-240x300.jpg 240w, https:\/\/fadeweb.uncoma.edu.ar\/wp-content\/uploads\/2025\/08\/dp1-768x960.jpg 768w, https:\/\/fadeweb.uncoma.edu.ar\/wp-content\/uploads\/2025\/08\/dp1.jpg 1024w\" sizes=\"(max-width: 400px) 100vw, 400px\" \/> <img decoding=\"async\" class=\"alignnone wp-image-26144\" src=\"https:\/\/fadeweb.uncoma.edu.ar\/wp-content\/uploads\/2025\/08\/dp2-819x1024.jpg\" alt=\"JORNADAS ANIVERSARIO: 15 A\u00d1OS DE LA UNDAV, 10 a\u00f1os de la Carrera de Abogac\u00eda y 10 a\u00f1os del C\u00f3digo Civil y Comercial de la Naci\u00f3n.\" width=\"400\" height=\"500\" srcset=\"https:\/\/fadeweb.uncoma.edu.ar\/wp-content\/uploads\/2025\/08\/dp2-819x1024.jpg 819w, https:\/\/fadeweb.uncoma.edu.ar\/wp-content\/uploads\/2025\/08\/dp2-240x300.jpg 240w, https:\/\/fadeweb.uncoma.edu.ar\/wp-content\/uploads\/2025\/08\/dp2-768x960.jpg 768w, https:\/\/fadeweb.uncoma.edu.ar\/wp-content\/uploads\/2025\/08\/dp2.jpg 1024w\" sizes=\"(max-width: 400px) 100vw, 400px\" \/><\/p>\n<p>La UNDAV celebra sus 15 a\u00f1os con actividades abiertas a la comunidad. En el marco de su 15\u00ba aniversario, la Universidad Nacional de Avellaneda (UNDAV) invita a toda la comunidad a participar de una serie de actividades especiales que se realizan del 20 al 30 de agosto, de 9 a 21 hs en el Auditorio de la Sede Pi\u00f1eyro, Mario Bravo 1460, Pi\u00f1eyro, Avellaneda. La programaci\u00f3n, que incluye diversas propuestas, tendr\u00e1 lugar en las distintas sedes de la universidad y busca compartir con la comunidad los frutos de estos quince a\u00f1os de vida.<\/p>\n<p>Entre las actividades, el mi\u00e9rcoles 27 de agosto a las 9 se realizar\u00e1 una mesa titulada Reflexiones iusfilos\u00f3ficas a diez a\u00f1os del CCyCN, con la participaci\u00f3n en car\u00e1cter de disertantes de Nora Wolfzun (Facultad de Filosofia y Letras UBA), Jorge Douglas Price (Facultad de Derecho y Ciencias Sociales de la UNCo ) e Isolina Dabove (Profesora de Filosof\u00eda del Derecho, Investigadora Principal del Conicet). A continuaci\u00f3n, se rendir\u00e1 homenaje al profesor Carlos C\u00e1rcova, uno de los fundadores de la filosof\u00eda cr\u00edtica del derecho en la Argentina y primer Director de la Carrera de Abogac\u00eda en UNDAV.<\/p>\n<p>Cronograma de actividades <a href=\"https:\/\/undav.edu.ar\/general\/recursos\/adjuntos\/41309.pdf\">https:\/\/undav.edu.ar\/general\/recursos\/adjuntos\/41309.pdf<\/a><\/p>\n","protected":false},"excerpt":{"rendered":"<p>La UNDAV celebra sus 15 a\u00f1os con actividades abiertas a la comunidad. En el marco de su 15\u00ba aniversario, la Universidad Nacional de Avellaneda (UNDAV) invita a toda la comunidad a participar de una serie de actividades especiales que se realizan del 20 al 30 de agosto, de 9 a 21 hs en el Auditorio [&hellip;]<\/p>\n","protected":false},"author":4,"featured_media":26143,"comment_status":"closed","ping_status":"closed","sticky":false,"template":"","format":"standard","meta":{"footnotes":""},"categories":[5],"tags":[],"class_list":["post-26142","post","type-post","status-publish","format-standard","has-post-thumbnail","hentry","category-notifadecs"],"_links":{"self":[{"href":"https:\/\/fadeweb.uncoma.edu.ar\/index.php\/wp-json\/wp\/v2\/posts\/26142","targetHints":{"allow":["GET"]}}],"collection":[{"href":"https:\/\/fadeweb.uncoma.edu.ar\/index.php\/wp-json\/wp\/v2\/posts"}],"about":[{"href":"https:\/\/fadeweb.uncoma.edu.ar\/index.php\/wp-json\/wp\/v2\/types\/post"}],"author":[{"embeddable":true,"href":"https:\/\/fadeweb.uncoma.edu.ar\/index.php\/wp-json\/wp\/v2\/users\/4"}],"replies":[{"embeddable":true,"href":"https:\/\/fadeweb.uncoma.edu.ar\/index.php\/wp-json\/wp\/v2\/comments?post=26142"}],"version-history":[{"count":1,"href":"https:\/\/fadeweb.uncoma.edu.ar\/index.php\/wp-json\/wp\/v2\/posts\/26142\/revisions"}],"predecessor-version":[{"id":26145,"href":"https:\/\/fadeweb.uncoma.edu.ar\/index.php\/wp-json\/wp\/v2\/posts\/26142\/revisions\/26145"}],"wp:featuredmedia":[{"embeddable":true,"href":"https:\/\/fadeweb.uncoma.edu.ar\/index.php\/wp-json\/wp\/v2\/media\/26143"}],"wp:attachment":[{"href":"https:\/\/fadeweb.uncoma.edu.ar\/index.php\/wp-json\/wp\/v2\/media?parent=26142"}],"wp:term":[{"taxonomy":"category","embeddable":true,"href":"https:\/\/fadeweb.uncoma.edu.ar\/index.php\/wp-json\/wp\/v2\/categories?post=26142"},{"taxonomy":"post_tag","embeddable":true,"href":"https:\/\/fadeweb.uncoma.edu.ar\/index.php\/wp-json\/wp\/v2\/tags?post=26142"}],"curies":[{"name":"wp","href":"https:\/\/api.w.org\/{rel}","templated":true}]}}