{"id":26128,"date":"2025-08-20T08:34:52","date_gmt":"2025-08-20T11:34:52","guid":{"rendered":"https:\/\/fadeweb.uncoma.edu.ar\/?p=26128"},"modified":"2025-08-21T09:28:13","modified_gmt":"2025-08-21T12:28:13","slug":"convocatoria-de-movilidad-internacional-unco-6","status":"publish","type":"post","link":"https:\/\/fadeweb.uncoma.edu.ar\/index.php\/2025\/08\/20\/convocatoria-de-movilidad-internacional-unco-6\/","title":{"rendered":"CONVOCATORIA DE MOVILIDAD INTERNACIONAL UNCo"},"content":{"rendered":"<p><img fetchpriority=\"high\" decoding=\"async\" class=\"alignnone wp-image-26129\" src=\"https:\/\/fadeweb.uncoma.edu.ar\/wp-content\/uploads\/2025\/08\/mov3-1024x1024.png\" alt=\"CONVOCATORIA DE MOVILIDAD INTERNACIONAL UNCo\" width=\"600\" height=\"600\" srcset=\"https:\/\/fadeweb.uncoma.edu.ar\/wp-content\/uploads\/2025\/08\/mov3-1024x1024.png 1024w, https:\/\/fadeweb.uncoma.edu.ar\/wp-content\/uploads\/2025\/08\/mov3-300x300.png 300w, https:\/\/fadeweb.uncoma.edu.ar\/wp-content\/uploads\/2025\/08\/mov3-150x150.png 150w, https:\/\/fadeweb.uncoma.edu.ar\/wp-content\/uploads\/2025\/08\/mov3-768x768.png 768w, https:\/\/fadeweb.uncoma.edu.ar\/wp-content\/uploads\/2025\/08\/mov3.png 1080w\" sizes=\"(max-width: 600px) 100vw, 600px\" \/><\/p>\n<p>Se encuentra abierta la CONVOCATORIA DE MOVILIDAD INTERNACIONAL UNCo para el primer semestre 2026.<\/p>\n<p>Tenemos la buena noticia de comunicar que esta convocatoria cuenta con cinco (5) ayudas econ\u00f3micas de $AR 1.500.000 por estudiante<\/p>\n<p>La convocatoria estar\u00e1 disponible en nuestra web: <a href=\"https:\/\/internacionales.uncoma.edu.ar\/\">https:\/\/internacionales.uncoma.edu.ar\/<\/a> , pero adem\u00e1s en las bases y condiciones tienen los enlaces para poder descargar el formulario de postulaci\u00f3n, Anexo I universidades de destino, y la inscripci\u00f3n para la charla virtual.<\/p>\n<p><strong>FECHA DE CIERRE DE LA CONVOCATORIA: 19\/9\/25 a las 13 hs.<\/strong><\/p>\n<p>Dejamos a continuaci\u00f3n informaci\u00f3n sobre las dos charlas informativas que brindaremos:<\/p>\n<p>Presencial: martes 9\/9 -9 hs en el Sal\u00f3n Azul, de la Biblioteca Central, sede Neuqu\u00e9n.<\/p>\n<p>Virtual: mi\u00e9rcoles 10\/9 a- 14 hs . Requiere inscripci\u00f3n: <a href=\"https:\/\/forms.gle\/4LZsigS3Gk2gmq5VA\">https:\/\/forms.gle\/4LZsigS3Gk2gmq5VA<\/a><br \/>\n<a href=\"mailto:invefade@gmail.com\">invefade@gmail.com<\/a><\/p>\n","protected":false},"excerpt":{"rendered":"<p>Se encuentra abierta la CONVOCATORIA DE MOVILIDAD INTERNACIONAL UNCo para el primer semestre 2026. Tenemos la buena noticia de comunicar que esta convocatoria cuenta con cinco (5) ayudas econ\u00f3micas de $AR 1.500.000 por estudiante La convocatoria estar\u00e1 disponible en nuestra web: https:\/\/internacionales.uncoma.edu.ar\/ , pero adem\u00e1s en las bases y condiciones tienen los enlaces para poder [&hellip;]<\/p>\n","protected":false},"author":4,"featured_media":26129,"comment_status":"closed","ping_status":"closed","sticky":false,"template":"","format":"standard","meta":{"footnotes":""},"categories":[5,76],"tags":[],"class_list":["post-26128","post","type-post","status-publish","format-standard","has-post-thumbnail","hentry","category-notifadecs","category-novedades-investigacion"],"_links":{"self":[{"href":"https:\/\/fadeweb.uncoma.edu.ar\/index.php\/wp-json\/wp\/v2\/posts\/26128","targetHints":{"allow":["GET"]}}],"collection":[{"href":"https:\/\/fadeweb.uncoma.edu.ar\/index.php\/wp-json\/wp\/v2\/posts"}],"about":[{"href":"https:\/\/fadeweb.uncoma.edu.ar\/index.php\/wp-json\/wp\/v2\/types\/post"}],"author":[{"embeddable":true,"href":"https:\/\/fadeweb.uncoma.edu.ar\/index.php\/wp-json\/wp\/v2\/users\/4"}],"replies":[{"embeddable":true,"href":"https:\/\/fadeweb.uncoma.edu.ar\/index.php\/wp-json\/wp\/v2\/comments?post=26128"}],"version-history":[{"count":1,"href":"https:\/\/fadeweb.uncoma.edu.ar\/index.php\/wp-json\/wp\/v2\/posts\/26128\/revisions"}],"predecessor-version":[{"id":26130,"href":"https:\/\/fadeweb.uncoma.edu.ar\/index.php\/wp-json\/wp\/v2\/posts\/26128\/revisions\/26130"}],"wp:featuredmedia":[{"embeddable":true,"href":"https:\/\/fadeweb.uncoma.edu.ar\/index.php\/wp-json\/wp\/v2\/media\/26129"}],"wp:attachment":[{"href":"https:\/\/fadeweb.uncoma.edu.ar\/index.php\/wp-json\/wp\/v2\/media?parent=26128"}],"wp:term":[{"taxonomy":"category","embeddable":true,"href":"https:\/\/fadeweb.uncoma.edu.ar\/index.php\/wp-json\/wp\/v2\/categories?post=26128"},{"taxonomy":"post_tag","embeddable":true,"href":"https:\/\/fadeweb.uncoma.edu.ar\/index.php\/wp-json\/wp\/v2\/tags?post=26128"}],"curies":[{"name":"wp","href":"https:\/\/api.w.org\/{rel}","templated":true}]}}