{"id":25978,"date":"2025-08-01T11:31:07","date_gmt":"2025-08-01T14:31:07","guid":{"rendered":"https:\/\/fadeweb.uncoma.edu.ar\/?p=25978"},"modified":"2025-08-01T11:31:07","modified_gmt":"2025-08-01T14:31:07","slug":"jornada-de-capacitacion-desafiando-estigmas-salud-mental-y-discapacidad-en-la-agenda-publica","status":"publish","type":"post","link":"https:\/\/fadeweb.uncoma.edu.ar\/index.php\/2025\/08\/01\/jornada-de-capacitacion-desafiando-estigmas-salud-mental-y-discapacidad-en-la-agenda-publica\/","title":{"rendered":"JORNADA DE CAPACITACI\u00d3N \u00abDESAFIANDO ESTIGMAS: SALUD MENTAL Y DISCAPACIDAD EN LA AGENDA P\u00daBLICA\u00bb"},"content":{"rendered":"<p><img fetchpriority=\"high\" decoding=\"async\" class=\"alignnone wp-image-25980\" src=\"https:\/\/fadeweb.uncoma.edu.ar\/wp-content\/uploads\/2025\/08\/pensamiento-civil-1024x845.jpg\" alt=\"\" width=\"600\" height=\"495\" srcset=\"https:\/\/fadeweb.uncoma.edu.ar\/wp-content\/uploads\/2025\/08\/pensamiento-civil-1024x845.jpg 1024w, https:\/\/fadeweb.uncoma.edu.ar\/wp-content\/uploads\/2025\/08\/pensamiento-civil-300x248.jpg 300w, https:\/\/fadeweb.uncoma.edu.ar\/wp-content\/uploads\/2025\/08\/pensamiento-civil-768x634.jpg 768w, https:\/\/fadeweb.uncoma.edu.ar\/wp-content\/uploads\/2025\/08\/pensamiento-civil.jpg 1080w\" sizes=\"(max-width: 600px) 100vw, 600px\" \/><\/p>\n<p>La FADECS invita a alumnos\/as y docentes a participar de la Jornada de Capacitacion \u00abDesafiando Estigmas: Salud mental y Discapacidad en la Agenda Publica\u00bb, que se llevara a cabo el 29 de agosto de 2025 a partir de las 8:30 en la sede acad\u00e9mica del Colegio de Abogados y Procuradores del Neuqu\u00e9n, en Mendoza N\u00b0 902 de Neuqu\u00e9n Capital. La misma es organizada en forma conjunta por el Ministerio Publico de la Defensa de la Provincia del Neuqu\u00e9n y la Asociaci\u00f3n Pensamiento Civil.<\/p>\n<p><a href=\"https:\/\/fadeweb.uncoma.edu.ar\/wp-content\/uploads\/2025\/08\/PROGRAMA.pdf\">PROGRAMA<\/a><\/p>\n<p><a href=\"https:\/\/docs.google.com\/forms\/d\/e\/1FAIpQLScR1vDKWTCkcPnyIlRzG7vQU8R3DPsxs1Jpwb_edGA4p9hIrA\/viewform\">Formulario de inscripci\u00f3n.<\/a><\/p>\n","protected":false},"excerpt":{"rendered":"<p>La FADECS invita a alumnos\/as y docentes a participar de la Jornada de Capacitacion \u00abDesafiando Estigmas: Salud mental y Discapacidad en la Agenda Publica\u00bb, que se llevara a cabo el 29 de agosto de 2025 a partir de las 8:30 en la sede acad\u00e9mica del Colegio de Abogados y Procuradores del Neuqu\u00e9n, en Mendoza N\u00b0 [&hellip;]<\/p>\n","protected":false},"author":4,"featured_media":25980,"comment_status":"closed","ping_status":"closed","sticky":false,"template":"","format":"standard","meta":{"footnotes":""},"categories":[5],"tags":[],"class_list":["post-25978","post","type-post","status-publish","format-standard","has-post-thumbnail","hentry","category-notifadecs"],"_links":{"self":[{"href":"https:\/\/fadeweb.uncoma.edu.ar\/index.php\/wp-json\/wp\/v2\/posts\/25978","targetHints":{"allow":["GET"]}}],"collection":[{"href":"https:\/\/fadeweb.uncoma.edu.ar\/index.php\/wp-json\/wp\/v2\/posts"}],"about":[{"href":"https:\/\/fadeweb.uncoma.edu.ar\/index.php\/wp-json\/wp\/v2\/types\/post"}],"author":[{"embeddable":true,"href":"https:\/\/fadeweb.uncoma.edu.ar\/index.php\/wp-json\/wp\/v2\/users\/4"}],"replies":[{"embeddable":true,"href":"https:\/\/fadeweb.uncoma.edu.ar\/index.php\/wp-json\/wp\/v2\/comments?post=25978"}],"version-history":[{"count":1,"href":"https:\/\/fadeweb.uncoma.edu.ar\/index.php\/wp-json\/wp\/v2\/posts\/25978\/revisions"}],"predecessor-version":[{"id":25981,"href":"https:\/\/fadeweb.uncoma.edu.ar\/index.php\/wp-json\/wp\/v2\/posts\/25978\/revisions\/25981"}],"wp:featuredmedia":[{"embeddable":true,"href":"https:\/\/fadeweb.uncoma.edu.ar\/index.php\/wp-json\/wp\/v2\/media\/25980"}],"wp:attachment":[{"href":"https:\/\/fadeweb.uncoma.edu.ar\/index.php\/wp-json\/wp\/v2\/media?parent=25978"}],"wp:term":[{"taxonomy":"category","embeddable":true,"href":"https:\/\/fadeweb.uncoma.edu.ar\/index.php\/wp-json\/wp\/v2\/categories?post=25978"},{"taxonomy":"post_tag","embeddable":true,"href":"https:\/\/fadeweb.uncoma.edu.ar\/index.php\/wp-json\/wp\/v2\/tags?post=25978"}],"curies":[{"name":"wp","href":"https:\/\/api.w.org\/{rel}","templated":true}]}}