{"id":25969,"date":"2025-08-01T11:20:51","date_gmt":"2025-08-01T14:20:51","guid":{"rendered":"https:\/\/fadeweb.uncoma.edu.ar\/?p=25969"},"modified":"2025-08-01T11:53:42","modified_gmt":"2025-08-01T14:53:42","slug":"llamado-a-preinscripcion-cohorte-2025-especializacion-en-derecho-administrativo","status":"publish","type":"post","link":"https:\/\/fadeweb.uncoma.edu.ar\/index.php\/2025\/08\/01\/llamado-a-preinscripcion-cohorte-2025-especializacion-en-derecho-administrativo\/","title":{"rendered":"Llamado a preinscripci\u00f3n \u2013 Cohorte 2025  \u201cEspecializaci\u00f3n en Derecho Administrativo\u201d"},"content":{"rendered":"<h2><img fetchpriority=\"high\" decoding=\"async\" class=\"alignnone wp-image-25975\" src=\"https:\/\/fadeweb.uncoma.edu.ar\/wp-content\/uploads\/2025\/08\/ADMINISTRATIVO-2025-ig-1024x1024.jpg\" alt=\"\" width=\"600\" height=\"600\" srcset=\"https:\/\/fadeweb.uncoma.edu.ar\/wp-content\/uploads\/2025\/08\/ADMINISTRATIVO-2025-ig-1024x1024.jpg 1024w, https:\/\/fadeweb.uncoma.edu.ar\/wp-content\/uploads\/2025\/08\/ADMINISTRATIVO-2025-ig-300x300.jpg 300w, https:\/\/fadeweb.uncoma.edu.ar\/wp-content\/uploads\/2025\/08\/ADMINISTRATIVO-2025-ig-150x150.jpg 150w, https:\/\/fadeweb.uncoma.edu.ar\/wp-content\/uploads\/2025\/08\/ADMINISTRATIVO-2025-ig-768x768.jpg 768w, https:\/\/fadeweb.uncoma.edu.ar\/wp-content\/uploads\/2025\/08\/ADMINISTRATIVO-2025-ig-1536x1536.jpg 1536w, https:\/\/fadeweb.uncoma.edu.ar\/wp-content\/uploads\/2025\/08\/ADMINISTRATIVO-2025-ig.jpg 1600w\" sizes=\"(max-width: 600px) 100vw, 600px\" \/><\/h2>\n<p>El Departamento de Posgrado informa que se encuentra abierta la pre-inscripci\u00f3n 2025 para la carrera de posgrado \u201cEspecializaci\u00f3n en derecho administrativo\u201d. El inicio de clases ser\u00e1 el 12 de septiembre. Las clases se dictar\u00e1n en el Colegio de Abogados y Procuradores del Alto Valle Oeste situado en Lavalle 175 \u2013 localidad de Cipolletti. La apertura de la s\u00e9ptima Cohorte de la carrera se encuentra aprobada por la Res. Decanal FADECS 434\/24 y Res. CD FADECS (en tr\u00e1mite).<\/p>\n<p>La Especializaci\u00f3n est\u00e1 dirigida por el Dr. Pablo Guti\u00e9rrez Colantuono y Codirigida por la Mg. Claudia Marconi. Est\u00e1 destinada a profesionales de la administraci\u00f3n p\u00fablica, abogadas\/os que se desempe\u00f1an en los poderes judiciales y legislativos y en la abogac\u00eda en general, cuyo inter\u00e9s profesional y\/ o acad\u00e9mico sean los derechos fundamentales, las libertades, las garant\u00edas y la actividad administrativa \u2013 estatal y no estatal \u2013 en miras a la realizaci\u00f3n del bienestar general.<\/p>\n<p><a href=\"https:\/\/posgradofadecs.uncoma.edu.ar\/novedades\/derechoadministrativo2025\/\">Leer m\u00e1s<\/a><\/p>\n","protected":false},"excerpt":{"rendered":"<p>El Departamento de Posgrado informa que se encuentra abierta la pre-inscripci\u00f3n 2025 para la carrera de posgrado \u201cEspecializaci\u00f3n en derecho administrativo\u201d. El inicio de clases ser\u00e1 el 12 de septiembre. Las clases se dictar\u00e1n en el Colegio de Abogados y Procuradores del Alto Valle Oeste situado en Lavalle 175 \u2013 localidad de Cipolletti. La apertura [&hellip;]<\/p>\n","protected":false},"author":4,"featured_media":25975,"comment_status":"closed","ping_status":"closed","sticky":false,"template":"","format":"standard","meta":{"footnotes":""},"categories":[5,78],"tags":[],"class_list":["post-25969","post","type-post","status-publish","format-standard","has-post-thumbnail","hentry","category-notifadecs","category-posgrado"],"_links":{"self":[{"href":"https:\/\/fadeweb.uncoma.edu.ar\/index.php\/wp-json\/wp\/v2\/posts\/25969","targetHints":{"allow":["GET"]}}],"collection":[{"href":"https:\/\/fadeweb.uncoma.edu.ar\/index.php\/wp-json\/wp\/v2\/posts"}],"about":[{"href":"https:\/\/fadeweb.uncoma.edu.ar\/index.php\/wp-json\/wp\/v2\/types\/post"}],"author":[{"embeddable":true,"href":"https:\/\/fadeweb.uncoma.edu.ar\/index.php\/wp-json\/wp\/v2\/users\/4"}],"replies":[{"embeddable":true,"href":"https:\/\/fadeweb.uncoma.edu.ar\/index.php\/wp-json\/wp\/v2\/comments?post=25969"}],"version-history":[{"count":3,"href":"https:\/\/fadeweb.uncoma.edu.ar\/index.php\/wp-json\/wp\/v2\/posts\/25969\/revisions"}],"predecessor-version":[{"id":25985,"href":"https:\/\/fadeweb.uncoma.edu.ar\/index.php\/wp-json\/wp\/v2\/posts\/25969\/revisions\/25985"}],"wp:featuredmedia":[{"embeddable":true,"href":"https:\/\/fadeweb.uncoma.edu.ar\/index.php\/wp-json\/wp\/v2\/media\/25975"}],"wp:attachment":[{"href":"https:\/\/fadeweb.uncoma.edu.ar\/index.php\/wp-json\/wp\/v2\/media?parent=25969"}],"wp:term":[{"taxonomy":"category","embeddable":true,"href":"https:\/\/fadeweb.uncoma.edu.ar\/index.php\/wp-json\/wp\/v2\/categories?post=25969"},{"taxonomy":"post_tag","embeddable":true,"href":"https:\/\/fadeweb.uncoma.edu.ar\/index.php\/wp-json\/wp\/v2\/tags?post=25969"}],"curies":[{"name":"wp","href":"https:\/\/api.w.org\/{rel}","templated":true}]}}