{"id":25914,"date":"2025-07-25T13:15:52","date_gmt":"2025-07-25T16:15:52","guid":{"rendered":"https:\/\/fadeweb.uncoma.edu.ar\/?p=25914"},"modified":"2025-07-25T13:15:52","modified_gmt":"2025-07-25T16:15:52","slug":"la-fadecs-participara-de-un-encuentro-educativo-en-la-universidad-de-buenos-aires-2","status":"publish","type":"post","link":"https:\/\/fadeweb.uncoma.edu.ar\/index.php\/2025\/07\/25\/la-fadecs-participara-de-un-encuentro-educativo-en-la-universidad-de-buenos-aires-2\/","title":{"rendered":"LA FADECS PARTICIPAR\u00c1 DE UN ENCUENTRO EDUCATIVO EN LA UNIVERSIDAD DE BUENOS AIRES"},"content":{"rendered":"<p><img fetchpriority=\"high\" decoding=\"async\" class=\"alignnone wp-image-25656\" src=\"https:\/\/fadeweb.uncoma.edu.ar\/wp-content\/uploads\/2025\/06\/monuba.jpeg\" alt=\"LA FADECS PARTICIPAR\u00c1 DE UN ENCUENTRO EDUCATIVO EN LA UNIVERSIDAD DE BUENOS AIRES\" width=\"478\" height=\"600\" srcset=\"https:\/\/fadeweb.uncoma.edu.ar\/wp-content\/uploads\/2025\/06\/monuba.jpeg 622w, https:\/\/fadeweb.uncoma.edu.ar\/wp-content\/uploads\/2025\/06\/monuba-239x300.jpeg 239w\" sizes=\"(max-width: 478px) 100vw, 478px\" \/><\/p>\n<p>El decano de la FADECS otorg\u00f3 aval institucional a la participaci\u00f3n del estudiante Marco Josue Graffigna y los graduados Valentina Peruzzi e Ignacio Sosa Neri, de Abogac\u00eda, en el encuentro educativo Modelo de Naciones Unidas de la Universidad de Buenos Aires 2025 (MONUBA), que se realizar\u00e1 el 7, 8 y 9 de agosto de manera presencial en la Facultad de Ciencias Sociales de la Universidad de Buenos Aires (Resoluci\u00f3n 0325\/2025).<\/p>\n<p>Durante el encuentro los participantes se capacitan en temas de pol\u00edtica internacional, del funcionamiento de la ONU, y adquieren una visi\u00f3n global del mundo. La actividad impulsa a conocer sobre c\u00f3mo el trabajo de las Naciones Unidas puede mejorar la vida de la gente, as\u00ed como las herramientas reglamentarias y las actitudes necesarias para reforzar la cooperaci\u00f3n internacional.<\/p>\n<p>\u00abDicha actividad se vincula con la formaci\u00f3n acad\u00e9mica y profesional, promueve el desarrollo de habilidades fundamentales para el ejercicio del derecho, contribuye al perfil del graduada\/o de esta casa de estudios al fomentar una mirada integral y comprometida con los problemas globales; y representa una oportunidad de visibilizaci\u00f3n institucional a trav\u00e9s de los representantes de FADECS, fortaleciendo el v\u00ednculo con otras universidades\u00bb.<\/p>\n","protected":false},"excerpt":{"rendered":"<p>El decano de la FADECS otorg\u00f3 aval institucional a la participaci\u00f3n del estudiante Marco Josue Graffigna y los graduados Valentina Peruzzi e Ignacio Sosa Neri, de Abogac\u00eda, en el encuentro educativo Modelo de Naciones Unidas de la Universidad de Buenos Aires 2025 (MONUBA), que se realizar\u00e1 el 7, 8 y 9 de agosto de manera [&hellip;]<\/p>\n","protected":false},"author":4,"featured_media":25656,"comment_status":"closed","ping_status":"closed","sticky":false,"template":"","format":"standard","meta":{"footnotes":""},"categories":[5],"tags":[],"class_list":["post-25914","post","type-post","status-publish","format-standard","has-post-thumbnail","hentry","category-notifadecs"],"_links":{"self":[{"href":"https:\/\/fadeweb.uncoma.edu.ar\/index.php\/wp-json\/wp\/v2\/posts\/25914","targetHints":{"allow":["GET"]}}],"collection":[{"href":"https:\/\/fadeweb.uncoma.edu.ar\/index.php\/wp-json\/wp\/v2\/posts"}],"about":[{"href":"https:\/\/fadeweb.uncoma.edu.ar\/index.php\/wp-json\/wp\/v2\/types\/post"}],"author":[{"embeddable":true,"href":"https:\/\/fadeweb.uncoma.edu.ar\/index.php\/wp-json\/wp\/v2\/users\/4"}],"replies":[{"embeddable":true,"href":"https:\/\/fadeweb.uncoma.edu.ar\/index.php\/wp-json\/wp\/v2\/comments?post=25914"}],"version-history":[{"count":1,"href":"https:\/\/fadeweb.uncoma.edu.ar\/index.php\/wp-json\/wp\/v2\/posts\/25914\/revisions"}],"predecessor-version":[{"id":25915,"href":"https:\/\/fadeweb.uncoma.edu.ar\/index.php\/wp-json\/wp\/v2\/posts\/25914\/revisions\/25915"}],"wp:featuredmedia":[{"embeddable":true,"href":"https:\/\/fadeweb.uncoma.edu.ar\/index.php\/wp-json\/wp\/v2\/media\/25656"}],"wp:attachment":[{"href":"https:\/\/fadeweb.uncoma.edu.ar\/index.php\/wp-json\/wp\/v2\/media?parent=25914"}],"wp:term":[{"taxonomy":"category","embeddable":true,"href":"https:\/\/fadeweb.uncoma.edu.ar\/index.php\/wp-json\/wp\/v2\/categories?post=25914"},{"taxonomy":"post_tag","embeddable":true,"href":"https:\/\/fadeweb.uncoma.edu.ar\/index.php\/wp-json\/wp\/v2\/tags?post=25914"}],"curies":[{"name":"wp","href":"https:\/\/api.w.org\/{rel}","templated":true}]}}