{"id":25911,"date":"2025-07-25T13:14:19","date_gmt":"2025-07-25T16:14:19","guid":{"rendered":"https:\/\/fadeweb.uncoma.edu.ar\/?p=25911"},"modified":"2025-07-25T13:14:19","modified_gmt":"2025-07-25T16:14:19","slug":"un-nuevo-estudio-de-la-unco-revela-cambios-en-el-consumo-de-noticias-y-culturales-en-el-alto-valle-crece-el-uso-de-redes-sociales-e-inteligencia-artificial","status":"publish","type":"post","link":"https:\/\/fadeweb.uncoma.edu.ar\/index.php\/2025\/07\/25\/un-nuevo-estudio-de-la-unco-revela-cambios-en-el-consumo-de-noticias-y-culturales-en-el-alto-valle-crece-el-uso-de-redes-sociales-e-inteligencia-artificial\/","title":{"rendered":"Un nuevo estudio de la UNCo revela cambios en el consumo de noticias y culturales en el Alto Valle CRECE EL USO DE REDES SOCIALES E INTELIGENCIA ARTIFICIAL"},"content":{"rendered":"<p><img fetchpriority=\"high\" decoding=\"async\" class=\"alignnone wp-image-25912 size-full\" src=\"https:\/\/fadeweb.uncoma.edu.ar\/wp-content\/uploads\/2025\/07\/Logo-1.jpg\" alt=\"Un nuevo estudio de la UNCo revela cambios en el consumo de noticias y culturales en el Alto Valle\nCRECE EL USO DE REDES SOCIALES E INTELIGENCIA ARTIFICIAL\" width=\"479\" height=\"409\" srcset=\"https:\/\/fadeweb.uncoma.edu.ar\/wp-content\/uploads\/2025\/07\/Logo-1.jpg 479w, https:\/\/fadeweb.uncoma.edu.ar\/wp-content\/uploads\/2025\/07\/Logo-1-300x256.jpg 300w\" sizes=\"(max-width: 479px) 100vw, 479px\" \/><\/p>\n<p>El Observatorio de Comunicaci\u00f3n y Tem\u00e1ticas Sociales (OCyTS) de la Facultad de Derecho y Ciencias Sociales de la UNCo presenta los resultados de la Encuesta de Consumos Informativos y Culturales 2025, un relevamiento que analiza c\u00f3mo los habitantes del Alto Valle de R\u00edo Negro y Neuqu\u00e9n se informan y consumen cultura. El estudio, realizado sobre 459 encuestas en 11 localidades, destaca el predominio del tel\u00e9fono m\u00f3vil, el auge de las redes sociales como fuente informativa y la creciente adopci\u00f3n de herramientas de inteligencia artificial.<\/p>\n<p>A continuaci\u00f3n, se presentan los principales hallazgos.<\/p>\n<p><strong>El m\u00f3vil como dispositivo central:<\/strong><br \/>\nEl 67,8% lo utiliza como principal medio para informarse.<br \/>\nEl 52,1% pasa entre 3 y 5 horas diarias conectado, mientras que un 32% supera las 6 horas.<\/p>\n<p><strong>Redes sociales vs. medios tradicionales:<\/strong><br \/>\nInstagram (23,8%), Facebook (17,6%) y YouTube (16,1%) son las plataformas m\u00e1s usadas para noticias, especialmente entre j\u00f3venes (95,2% en el grupo de 18-24 a\u00f1os).<br \/>\nSin embargo, los medios tradicionales mantienen mayor credibilidad: el 55,1% los considera \u00abcre\u00edbles\u00bb, frente al 27,7% que conf\u00eda en las redes sociales.<\/p>\n<p><strong>Tendencias generacionales:<\/strong><br \/>\nLos j\u00f3venes (18-24 a\u00f1os) consumen noticias de forma incidental mientras navegan en redes (95,2%).<br \/>\nLos mayores de 60 a\u00f1os prefieren la b\u00fasqueda activa (80,2%) y consumen m\u00e1s televisi\u00f3n (61,8%).<\/p>\n<p><strong>Inteligencia Artificial en ascenso:<\/strong><br \/>\nEl 66% de los encuestados utiliza chats de IA, principalmente ChatGPT (44,8%).<br \/>\nLos usos m\u00e1s frecuentes son tareas educativas (45,1%) y automatizaci\u00f3n laboral (29,3%).<\/p>\n<p><strong>Evitaci\u00f3n de noticias y verificaci\u00f3n:<\/strong><br \/>\nEl 38,8% evita informarse porque \u00abgenera sentimientos negativos\u00bb.<br \/>\nEl 84,5% verifica las noticias que encuentra en redes sociales.<\/p>\n<p><strong>Consumos culturales:<\/strong><br \/>\nPel\u00edculas y series (24,3%) y m\u00fasica (19,6%) son los contenidos m\u00e1s consumidos.<br \/>\nLas plataformas de streaming (26,9%) lideran el acceso a cultura, especialmente entre j\u00f3venes.<\/p>\n<p>El acceso al informe completo es libre y gratuito a trav\u00e9s del siguiente enlace:<br \/>\n<a href=\"https:\/\/medialabpatagonia.org\/encuesta-de-consumos-informativos-y-culturales-2025-en-el-alto-valle\/\">medialabpatagonia.org\/encuesta-de-consumos-informativos-y-culturales-2025-en-el-alto-valle\/<\/a><\/p>\n","protected":false},"excerpt":{"rendered":"<p>El Observatorio de Comunicaci\u00f3n y Tem\u00e1ticas Sociales (OCyTS) de la Facultad de Derecho y Ciencias Sociales de la UNCo presenta los resultados de la Encuesta de Consumos Informativos y Culturales 2025, un relevamiento que analiza c\u00f3mo los habitantes del Alto Valle de R\u00edo Negro y Neuqu\u00e9n se informan y consumen cultura. El estudio, realizado sobre [&hellip;]<\/p>\n","protected":false},"author":4,"featured_media":25912,"comment_status":"closed","ping_status":"closed","sticky":false,"template":"","format":"standard","meta":{"footnotes":""},"categories":[5],"tags":[],"class_list":["post-25911","post","type-post","status-publish","format-standard","has-post-thumbnail","hentry","category-notifadecs"],"_links":{"self":[{"href":"https:\/\/fadeweb.uncoma.edu.ar\/index.php\/wp-json\/wp\/v2\/posts\/25911","targetHints":{"allow":["GET"]}}],"collection":[{"href":"https:\/\/fadeweb.uncoma.edu.ar\/index.php\/wp-json\/wp\/v2\/posts"}],"about":[{"href":"https:\/\/fadeweb.uncoma.edu.ar\/index.php\/wp-json\/wp\/v2\/types\/post"}],"author":[{"embeddable":true,"href":"https:\/\/fadeweb.uncoma.edu.ar\/index.php\/wp-json\/wp\/v2\/users\/4"}],"replies":[{"embeddable":true,"href":"https:\/\/fadeweb.uncoma.edu.ar\/index.php\/wp-json\/wp\/v2\/comments?post=25911"}],"version-history":[{"count":1,"href":"https:\/\/fadeweb.uncoma.edu.ar\/index.php\/wp-json\/wp\/v2\/posts\/25911\/revisions"}],"predecessor-version":[{"id":25913,"href":"https:\/\/fadeweb.uncoma.edu.ar\/index.php\/wp-json\/wp\/v2\/posts\/25911\/revisions\/25913"}],"wp:featuredmedia":[{"embeddable":true,"href":"https:\/\/fadeweb.uncoma.edu.ar\/index.php\/wp-json\/wp\/v2\/media\/25912"}],"wp:attachment":[{"href":"https:\/\/fadeweb.uncoma.edu.ar\/index.php\/wp-json\/wp\/v2\/media?parent=25911"}],"wp:term":[{"taxonomy":"category","embeddable":true,"href":"https:\/\/fadeweb.uncoma.edu.ar\/index.php\/wp-json\/wp\/v2\/categories?post=25911"},{"taxonomy":"post_tag","embeddable":true,"href":"https:\/\/fadeweb.uncoma.edu.ar\/index.php\/wp-json\/wp\/v2\/tags?post=25911"}],"curies":[{"name":"wp","href":"https:\/\/api.w.org\/{rel}","templated":true}]}}