{"id":25907,"date":"2025-07-25T11:54:55","date_gmt":"2025-07-25T14:54:55","guid":{"rendered":"https:\/\/fadeweb.uncoma.edu.ar\/?p=25907"},"modified":"2025-07-25T11:54:55","modified_gmt":"2025-07-25T14:54:55","slug":"diplomatura-en-practica-y-gestion-parlamentaria-iii-inscripciones-abiertas-2025","status":"publish","type":"post","link":"https:\/\/fadeweb.uncoma.edu.ar\/index.php\/2025\/07\/25\/diplomatura-en-practica-y-gestion-parlamentaria-iii-inscripciones-abiertas-2025\/","title":{"rendered":"DIPLOMATURA EN PR\u00c1CTICA Y GESTI\u00d3N PARLAMENTARIA III (inscripciones abiertas 2025)"},"content":{"rendered":"<p><img fetchpriority=\"high\" decoding=\"async\" class=\"alignnone wp-image-25908\" src=\"https:\/\/fadeweb.uncoma.edu.ar\/wp-content\/uploads\/2025\/07\/doplo1-819x1024.jpeg\" alt=\"DIPLOMATURA EN PR\u00c1CTICA Y GESTI\u00d3N PARLAMENTARIA III (inscripciones abiertas 2025)\" width=\"400\" height=\"500\" srcset=\"https:\/\/fadeweb.uncoma.edu.ar\/wp-content\/uploads\/2025\/07\/doplo1-819x1024.jpeg 819w, https:\/\/fadeweb.uncoma.edu.ar\/wp-content\/uploads\/2025\/07\/doplo1-240x300.jpeg 240w, https:\/\/fadeweb.uncoma.edu.ar\/wp-content\/uploads\/2025\/07\/doplo1-768x960.jpeg 768w, https:\/\/fadeweb.uncoma.edu.ar\/wp-content\/uploads\/2025\/07\/doplo1.jpeg 1000w\" sizes=\"(max-width: 400px) 100vw, 400px\" \/> <img decoding=\"async\" class=\"alignnone wp-image-25909\" src=\"https:\/\/fadeweb.uncoma.edu.ar\/wp-content\/uploads\/2025\/07\/doplo2-819x1024.jpeg\" alt=\"DIPLOMATURA EN PR\u00c1CTICA Y GESTI\u00d3N PARLAMENTARIA III (inscripciones abiertas 2025)\" width=\"400\" height=\"500\" srcset=\"https:\/\/fadeweb.uncoma.edu.ar\/wp-content\/uploads\/2025\/07\/doplo2-819x1024.jpeg 819w, https:\/\/fadeweb.uncoma.edu.ar\/wp-content\/uploads\/2025\/07\/doplo2-240x300.jpeg 240w, https:\/\/fadeweb.uncoma.edu.ar\/wp-content\/uploads\/2025\/07\/doplo2-768x960.jpeg 768w, https:\/\/fadeweb.uncoma.edu.ar\/wp-content\/uploads\/2025\/07\/doplo2.jpeg 1000w\" sizes=\"(max-width: 400px) 100vw, 400px\" \/><\/p>\n<p>La Diplomatura que presenta la Universidad de Mendoza se genera por la detecci\u00f3n de una necesidad en el \u00e1rea espec\u00edfica de la Pr\u00e1ctica y Gesti\u00f3n Parlamentaria, que pueden ser atendidos acad\u00e9micamente desde la Universidad con rigor cient\u00edfico, disciplinar y metodol\u00f3gico. Ello aparece como una tarea impostergable en la actual etapa que vive nuestro pa\u00eds y el mundo. De all\u00ed que, esta Diplomatura pretende contribuir a la formaci\u00f3n de especialistas en Gesti\u00f3n Parlamentaria, con amplia capacidad de an\u00e1lisis, para que puedan desempe\u00f1arse en los \u00e1mbitos de gobierno ya sea Nacional, Provincial, de la CABA o Municipal.<\/p>\n<p>Duraci\u00f3n: siete (7) meses<br \/>\nModalidad: Virtual<br \/>\nOrganizan:<br \/>\nFacultad de Ciencias Jur\u00eddicas y Sociales de la Universidad de Mendoza<br \/>\nCirculo de Legisladores de la Naci\u00f3n Argentina y su Instituto de Estudios Estrat\u00e9gicos y Relaciones Internacionales (IEERI-CLNA)<\/p>\n<p>M\u00e1s informaci\u00f3n: <a href=\"https:\/\/um.edu.ar\/diplomatura\/diplomatura-en-practica-y-gestion-parlamentaria-inscripciones-abiertas\/\">https:\/\/um.edu.ar\/diplomatura\/diplomatura-en-practica-y-gestion-parlamentaria-inscripciones-abiertas\/<\/a><\/p>\n","protected":false},"excerpt":{"rendered":"<p>La Diplomatura que presenta la Universidad de Mendoza se genera por la detecci\u00f3n de una necesidad en el \u00e1rea espec\u00edfica de la Pr\u00e1ctica y Gesti\u00f3n Parlamentaria, que pueden ser atendidos acad\u00e9micamente desde la Universidad con rigor cient\u00edfico, disciplinar y metodol\u00f3gico. Ello aparece como una tarea impostergable en la actual etapa que vive nuestro pa\u00eds y [&hellip;]<\/p>\n","protected":false},"author":4,"featured_media":25908,"comment_status":"closed","ping_status":"closed","sticky":false,"template":"","format":"standard","meta":{"footnotes":""},"categories":[5],"tags":[],"class_list":["post-25907","post","type-post","status-publish","format-standard","has-post-thumbnail","hentry","category-notifadecs"],"_links":{"self":[{"href":"https:\/\/fadeweb.uncoma.edu.ar\/index.php\/wp-json\/wp\/v2\/posts\/25907","targetHints":{"allow":["GET"]}}],"collection":[{"href":"https:\/\/fadeweb.uncoma.edu.ar\/index.php\/wp-json\/wp\/v2\/posts"}],"about":[{"href":"https:\/\/fadeweb.uncoma.edu.ar\/index.php\/wp-json\/wp\/v2\/types\/post"}],"author":[{"embeddable":true,"href":"https:\/\/fadeweb.uncoma.edu.ar\/index.php\/wp-json\/wp\/v2\/users\/4"}],"replies":[{"embeddable":true,"href":"https:\/\/fadeweb.uncoma.edu.ar\/index.php\/wp-json\/wp\/v2\/comments?post=25907"}],"version-history":[{"count":1,"href":"https:\/\/fadeweb.uncoma.edu.ar\/index.php\/wp-json\/wp\/v2\/posts\/25907\/revisions"}],"predecessor-version":[{"id":25910,"href":"https:\/\/fadeweb.uncoma.edu.ar\/index.php\/wp-json\/wp\/v2\/posts\/25907\/revisions\/25910"}],"wp:featuredmedia":[{"embeddable":true,"href":"https:\/\/fadeweb.uncoma.edu.ar\/index.php\/wp-json\/wp\/v2\/media\/25908"}],"wp:attachment":[{"href":"https:\/\/fadeweb.uncoma.edu.ar\/index.php\/wp-json\/wp\/v2\/media?parent=25907"}],"wp:term":[{"taxonomy":"category","embeddable":true,"href":"https:\/\/fadeweb.uncoma.edu.ar\/index.php\/wp-json\/wp\/v2\/categories?post=25907"},{"taxonomy":"post_tag","embeddable":true,"href":"https:\/\/fadeweb.uncoma.edu.ar\/index.php\/wp-json\/wp\/v2\/tags?post=25907"}],"curies":[{"name":"wp","href":"https:\/\/api.w.org\/{rel}","templated":true}]}}