{"id":25896,"date":"2025-07-25T11:29:39","date_gmt":"2025-07-25T14:29:39","guid":{"rendered":"https:\/\/fadeweb.uncoma.edu.ar\/?p=25896"},"modified":"2025-07-25T11:29:39","modified_gmt":"2025-07-25T14:29:39","slug":"se-extiende-la-convocatoria-a-presentar-talleres-upami-2025","status":"publish","type":"post","link":"https:\/\/fadeweb.uncoma.edu.ar\/index.php\/2025\/07\/25\/se-extiende-la-convocatoria-a-presentar-talleres-upami-2025\/","title":{"rendered":"SE EXTIENDE LA CONVOCATORIA A PRESENTAR TALLERES UPAMI 2025"},"content":{"rendered":"<p><img fetchpriority=\"high\" decoding=\"async\" class=\"alignnone wp-image-25897\" src=\"https:\/\/fadeweb.uncoma.edu.ar\/wp-content\/uploads\/2025\/07\/talleres-upami-2025-819x1024.jpg\" alt=\"Se extiende hasta el pr\u00f3ximo mi\u00e9rcoles\nCONVOCATORIA A PRESENTAR TALLERES UPAMI 2025\" width=\"480\" height=\"600\" srcset=\"https:\/\/fadeweb.uncoma.edu.ar\/wp-content\/uploads\/2025\/07\/talleres-upami-2025-819x1024.jpg 819w, https:\/\/fadeweb.uncoma.edu.ar\/wp-content\/uploads\/2025\/07\/talleres-upami-2025-240x300.jpg 240w, https:\/\/fadeweb.uncoma.edu.ar\/wp-content\/uploads\/2025\/07\/talleres-upami-2025-768x960.jpg 768w, https:\/\/fadeweb.uncoma.edu.ar\/wp-content\/uploads\/2025\/07\/talleres-upami-2025.jpg 1080w\" sizes=\"(max-width: 480px) 100vw, 480px\" \/><\/p>\n<p>La convocatoria de la FADECS a docentes y graduados\/as, a presentar propuestas de talleres destinados a personas mayores, en el marco del programa UPAMI 2025, correspondiente al segundo cuatrimestre del corriente a\u00f1o, se ampli\u00f3 hasta el mi\u00e9rcoles 30 de julio.<\/p>\n<p>El Programa UPAMI tiene por objetivo establecer una relaci\u00f3n entre el Instituto Nacional de Servicios Sociales para Jubilados y Pensionado (INSSJP) y unidades acad\u00e9micas de todo el pa\u00eds, con la finalidad de integrar a la persona mayor al \u00e1mbito universitario y brindarle espacios de encuentro y capacitaci\u00f3n.<\/p>\n<p>Las propuestas podr\u00e1n estar orientadas a diversas \u00e1reas del conocimiento relacionadas con las diferentes carreras que se brindan en nuestra casa de estudio: periodismo, comunicaci\u00f3n, radio, literatura, tecnolog\u00eda, salud mental, desarrollo personal, derecho.<\/p>\n<p>La convocatoria estar\u00e1 abierta desde el viernes 4 de julio hasta el mi\u00e9rcoles 30 de julio inclusive.<\/p>\n<p>Los talleres tendr\u00e1n una duraci\u00f3n m\u00e1xima de tres meses. El dictado de los mismos comenzara la primera semana de septiembre.<\/p>\n<p><strong>Para mayor informaci\u00f3n<\/strong> sobre los temas que debe contener dicha propuesta y la presentaci\u00f3n de las mismas, pueden comunicarse al <strong>celular: 2932411793<\/strong> o al e-mail <a href=\"mailto:upamifadecs@gmail.com\">upamifadecs@gmail.com<\/a><\/p>\n<p>Agradecemos profundamente el compromiso de quienes a\u00f1o a a\u00f1o hacen posible este espacio de encuentro, y esperamos con entusiasmo recibir nuevas propuestas que sigan enriqueciendo esta valiosa experiencia colectiva.<\/p>\n","protected":false},"excerpt":{"rendered":"<p>La convocatoria de la FADECS a docentes y graduados\/as, a presentar propuestas de talleres destinados a personas mayores, en el marco del programa UPAMI 2025, correspondiente al segundo cuatrimestre del corriente a\u00f1o, se ampli\u00f3 hasta el mi\u00e9rcoles 30 de julio. El Programa UPAMI tiene por objetivo establecer una relaci\u00f3n entre el Instituto Nacional de Servicios [&hellip;]<\/p>\n","protected":false},"author":4,"featured_media":25897,"comment_status":"closed","ping_status":"closed","sticky":false,"template":"","format":"standard","meta":{"footnotes":""},"categories":[5,75],"tags":[],"class_list":["post-25896","post","type-post","status-publish","format-standard","has-post-thumbnail","hentry","category-notifadecs","category-upami"],"_links":{"self":[{"href":"https:\/\/fadeweb.uncoma.edu.ar\/index.php\/wp-json\/wp\/v2\/posts\/25896","targetHints":{"allow":["GET"]}}],"collection":[{"href":"https:\/\/fadeweb.uncoma.edu.ar\/index.php\/wp-json\/wp\/v2\/posts"}],"about":[{"href":"https:\/\/fadeweb.uncoma.edu.ar\/index.php\/wp-json\/wp\/v2\/types\/post"}],"author":[{"embeddable":true,"href":"https:\/\/fadeweb.uncoma.edu.ar\/index.php\/wp-json\/wp\/v2\/users\/4"}],"replies":[{"embeddable":true,"href":"https:\/\/fadeweb.uncoma.edu.ar\/index.php\/wp-json\/wp\/v2\/comments?post=25896"}],"version-history":[{"count":1,"href":"https:\/\/fadeweb.uncoma.edu.ar\/index.php\/wp-json\/wp\/v2\/posts\/25896\/revisions"}],"predecessor-version":[{"id":25898,"href":"https:\/\/fadeweb.uncoma.edu.ar\/index.php\/wp-json\/wp\/v2\/posts\/25896\/revisions\/25898"}],"wp:featuredmedia":[{"embeddable":true,"href":"https:\/\/fadeweb.uncoma.edu.ar\/index.php\/wp-json\/wp\/v2\/media\/25897"}],"wp:attachment":[{"href":"https:\/\/fadeweb.uncoma.edu.ar\/index.php\/wp-json\/wp\/v2\/media?parent=25896"}],"wp:term":[{"taxonomy":"category","embeddable":true,"href":"https:\/\/fadeweb.uncoma.edu.ar\/index.php\/wp-json\/wp\/v2\/categories?post=25896"},{"taxonomy":"post_tag","embeddable":true,"href":"https:\/\/fadeweb.uncoma.edu.ar\/index.php\/wp-json\/wp\/v2\/tags?post=25896"}],"curies":[{"name":"wp","href":"https:\/\/api.w.org\/{rel}","templated":true}]}}