{"id":25893,"date":"2025-07-24T13:54:37","date_gmt":"2025-07-24T16:54:37","guid":{"rendered":"https:\/\/fadeweb.uncoma.edu.ar\/?p=25893"},"modified":"2025-07-24T13:54:37","modified_gmt":"2025-07-24T16:54:37","slug":"xxx-jornadas-nacionales-de-derecho-civil-prorrogan-el-plazo-para-la-presentacion-de-ponencias","status":"publish","type":"post","link":"https:\/\/fadeweb.uncoma.edu.ar\/index.php\/2025\/07\/24\/xxx-jornadas-nacionales-de-derecho-civil-prorrogan-el-plazo-para-la-presentacion-de-ponencias\/","title":{"rendered":"XXX Jornadas Nacionales de Derecho Civil PRORROGAN EL PLAZO PARA LA PRESENTACION DE PONENCIAS"},"content":{"rendered":"<p><img fetchpriority=\"high\" decoding=\"async\" class=\"alignnone wp-image-25894\" src=\"https:\/\/fadeweb.uncoma.edu.ar\/wp-content\/uploads\/2025\/07\/XXX-Jornadas-Nacionales-de-Derecho-Civil-Prorroga-819x1024.png\" alt=\"XXX Jornadas Nacionales de Derecho Civil\nPRORROGAN EL PLAZO PARA LA PRESENTACION DE PONENCIAS\" width=\"480\" height=\"600\" srcset=\"https:\/\/fadeweb.uncoma.edu.ar\/wp-content\/uploads\/2025\/07\/XXX-Jornadas-Nacionales-de-Derecho-Civil-Prorroga-819x1024.png 819w, https:\/\/fadeweb.uncoma.edu.ar\/wp-content\/uploads\/2025\/07\/XXX-Jornadas-Nacionales-de-Derecho-Civil-Prorroga-240x300.png 240w, https:\/\/fadeweb.uncoma.edu.ar\/wp-content\/uploads\/2025\/07\/XXX-Jornadas-Nacionales-de-Derecho-Civil-Prorroga-768x960.png 768w, https:\/\/fadeweb.uncoma.edu.ar\/wp-content\/uploads\/2025\/07\/XXX-Jornadas-Nacionales-de-Derecho-Civil-Prorroga.png 1080w\" sizes=\"(max-width: 480px) 100vw, 480px\" \/><\/p>\n<p>La presidencia de las XXX Jornadas Nacionales de Derecho Civil informa que se prorroga el plazo para la presentaci\u00f3n de ponencias hasta el d\u00eda 25 de agosto de 2025. Las XXX Jornadas se llevar\u00e1n a cabo del 25 al 27 de septiembre del 2025 en la Universidad Nacional del Nordeste (UNNE, Corrientes).<\/p>\n<p>El encuentro jur\u00eddico de mayor jerarqu\u00eda acad\u00e9mica para el Derecho Civil es organizado por la Facultad de Derecho y Ciencias Sociales y Pol\u00edticas de la UNNE. Esta edici\u00f3n se realizar\u00e1 en conmemoraci\u00f3n de los 10 a\u00f1os de vigencia del C\u00f3digo Civil y Comercial de la Naci\u00f3n.<\/p>\n","protected":false},"excerpt":{"rendered":"<p>La presidencia de las XXX Jornadas Nacionales de Derecho Civil informa que se prorroga el plazo para la presentaci\u00f3n de ponencias hasta el d\u00eda 25 de agosto de 2025. Las XXX Jornadas se llevar\u00e1n a cabo del 25 al 27 de septiembre del 2025 en la Universidad Nacional del Nordeste (UNNE, Corrientes). El encuentro jur\u00eddico [&hellip;]<\/p>\n","protected":false},"author":4,"featured_media":25894,"comment_status":"closed","ping_status":"closed","sticky":false,"template":"","format":"standard","meta":{"footnotes":""},"categories":[5],"tags":[],"class_list":["post-25893","post","type-post","status-publish","format-standard","has-post-thumbnail","hentry","category-notifadecs"],"_links":{"self":[{"href":"https:\/\/fadeweb.uncoma.edu.ar\/index.php\/wp-json\/wp\/v2\/posts\/25893","targetHints":{"allow":["GET"]}}],"collection":[{"href":"https:\/\/fadeweb.uncoma.edu.ar\/index.php\/wp-json\/wp\/v2\/posts"}],"about":[{"href":"https:\/\/fadeweb.uncoma.edu.ar\/index.php\/wp-json\/wp\/v2\/types\/post"}],"author":[{"embeddable":true,"href":"https:\/\/fadeweb.uncoma.edu.ar\/index.php\/wp-json\/wp\/v2\/users\/4"}],"replies":[{"embeddable":true,"href":"https:\/\/fadeweb.uncoma.edu.ar\/index.php\/wp-json\/wp\/v2\/comments?post=25893"}],"version-history":[{"count":1,"href":"https:\/\/fadeweb.uncoma.edu.ar\/index.php\/wp-json\/wp\/v2\/posts\/25893\/revisions"}],"predecessor-version":[{"id":25895,"href":"https:\/\/fadeweb.uncoma.edu.ar\/index.php\/wp-json\/wp\/v2\/posts\/25893\/revisions\/25895"}],"wp:featuredmedia":[{"embeddable":true,"href":"https:\/\/fadeweb.uncoma.edu.ar\/index.php\/wp-json\/wp\/v2\/media\/25894"}],"wp:attachment":[{"href":"https:\/\/fadeweb.uncoma.edu.ar\/index.php\/wp-json\/wp\/v2\/media?parent=25893"}],"wp:term":[{"taxonomy":"category","embeddable":true,"href":"https:\/\/fadeweb.uncoma.edu.ar\/index.php\/wp-json\/wp\/v2\/categories?post=25893"},{"taxonomy":"post_tag","embeddable":true,"href":"https:\/\/fadeweb.uncoma.edu.ar\/index.php\/wp-json\/wp\/v2\/tags?post=25893"}],"curies":[{"name":"wp","href":"https:\/\/api.w.org\/{rel}","templated":true}]}}