{"id":25828,"date":"2025-07-04T13:32:04","date_gmt":"2025-07-04T16:32:04","guid":{"rendered":"https:\/\/fadeweb.uncoma.edu.ar\/?p=25828"},"modified":"2025-07-04T13:32:04","modified_gmt":"2025-07-04T16:32:04","slug":"receso-invernal-en-la-unco","status":"publish","type":"post","link":"https:\/\/fadeweb.uncoma.edu.ar\/index.php\/2025\/07\/04\/receso-invernal-en-la-unco\/","title":{"rendered":"RECESO INVERNAL EN LA UNCO"},"content":{"rendered":"<p><img fetchpriority=\"high\" decoding=\"async\" class=\"alignnone wp-image-25829\" src=\"https:\/\/fadeweb.uncoma.edu.ar\/wp-content\/uploads\/2025\/07\/VACACIONES-INVIERNOb-fadecs-819x1024.jpg\" alt=\"RECESO INVERNAL EN LA UNCO\" width=\"480\" height=\"600\" srcset=\"https:\/\/fadeweb.uncoma.edu.ar\/wp-content\/uploads\/2025\/07\/VACACIONES-INVIERNOb-fadecs-819x1024.jpg 819w, https:\/\/fadeweb.uncoma.edu.ar\/wp-content\/uploads\/2025\/07\/VACACIONES-INVIERNOb-fadecs-240x300.jpg 240w, https:\/\/fadeweb.uncoma.edu.ar\/wp-content\/uploads\/2025\/07\/VACACIONES-INVIERNOb-fadecs-768x960.jpg 768w, https:\/\/fadeweb.uncoma.edu.ar\/wp-content\/uploads\/2025\/07\/VACACIONES-INVIERNOb-fadecs.jpg 1080w\" sizes=\"(max-width: 480px) 100vw, 480px\" \/><\/p>\n<p>La rectora de la Universidad Nacional del Comahue estableci\u00f3 el receso invernal para todas las \u00e1reas administrativas en el periodo comprendido entre el 7 al 18 de julio del 2025, ambas fechas inclusive, para todas las Facultades, Centros Regionales, Asentamientos, Escuelas y Administraci\u00f3n Central de la Universidad Nacional del Comahue, coincidente con el receso acad\u00e9mico invernal (Resoluci\u00f3n 0450\/2025).<\/p>\n","protected":false},"excerpt":{"rendered":"<p>La rectora de la Universidad Nacional del Comahue estableci\u00f3 el receso invernal para todas las \u00e1reas administrativas en el periodo comprendido entre el 7 al 18 de julio del 2025, ambas fechas inclusive, para todas las Facultades, Centros Regionales, Asentamientos, Escuelas y Administraci\u00f3n Central de la Universidad Nacional del Comahue, coincidente con el receso acad\u00e9mico [&hellip;]<\/p>\n","protected":false},"author":4,"featured_media":25829,"comment_status":"closed","ping_status":"closed","sticky":false,"template":"","format":"standard","meta":{"footnotes":""},"categories":[5],"tags":[],"class_list":["post-25828","post","type-post","status-publish","format-standard","has-post-thumbnail","hentry","category-notifadecs"],"_links":{"self":[{"href":"https:\/\/fadeweb.uncoma.edu.ar\/index.php\/wp-json\/wp\/v2\/posts\/25828","targetHints":{"allow":["GET"]}}],"collection":[{"href":"https:\/\/fadeweb.uncoma.edu.ar\/index.php\/wp-json\/wp\/v2\/posts"}],"about":[{"href":"https:\/\/fadeweb.uncoma.edu.ar\/index.php\/wp-json\/wp\/v2\/types\/post"}],"author":[{"embeddable":true,"href":"https:\/\/fadeweb.uncoma.edu.ar\/index.php\/wp-json\/wp\/v2\/users\/4"}],"replies":[{"embeddable":true,"href":"https:\/\/fadeweb.uncoma.edu.ar\/index.php\/wp-json\/wp\/v2\/comments?post=25828"}],"version-history":[{"count":1,"href":"https:\/\/fadeweb.uncoma.edu.ar\/index.php\/wp-json\/wp\/v2\/posts\/25828\/revisions"}],"predecessor-version":[{"id":25830,"href":"https:\/\/fadeweb.uncoma.edu.ar\/index.php\/wp-json\/wp\/v2\/posts\/25828\/revisions\/25830"}],"wp:featuredmedia":[{"embeddable":true,"href":"https:\/\/fadeweb.uncoma.edu.ar\/index.php\/wp-json\/wp\/v2\/media\/25829"}],"wp:attachment":[{"href":"https:\/\/fadeweb.uncoma.edu.ar\/index.php\/wp-json\/wp\/v2\/media?parent=25828"}],"wp:term":[{"taxonomy":"category","embeddable":true,"href":"https:\/\/fadeweb.uncoma.edu.ar\/index.php\/wp-json\/wp\/v2\/categories?post=25828"},{"taxonomy":"post_tag","embeddable":true,"href":"https:\/\/fadeweb.uncoma.edu.ar\/index.php\/wp-json\/wp\/v2\/tags?post=25828"}],"curies":[{"name":"wp","href":"https:\/\/api.w.org\/{rel}","templated":true}]}}