{"id":25813,"date":"2025-07-03T00:03:47","date_gmt":"2025-07-03T03:03:47","guid":{"rendered":"https:\/\/fadeweb.uncoma.edu.ar\/?p=25813"},"modified":"2025-07-02T14:04:58","modified_gmt":"2025-07-02T17:04:58","slug":"3-de-julio-dia-del-la-locutor-a-2","status":"publish","type":"post","link":"https:\/\/fadeweb.uncoma.edu.ar\/index.php\/2025\/07\/03\/3-de-julio-dia-del-la-locutor-a-2\/","title":{"rendered":"3 DE JULIO D\u00cdA DEL\/LA LOCUTOR\/A"},"content":{"rendered":"<p><img fetchpriority=\"high\" decoding=\"async\" class=\"alignnone wp-image-25814\" src=\"https:\/\/fadeweb.uncoma.edu.ar\/wp-content\/uploads\/2025\/07\/3-DE-JULIO-2025-819x1024.jpg\" alt=\"3 DE JULIO D\u00cdA DEL\/LA LOCUTOR\/A\" width=\"480\" height=\"600\" srcset=\"https:\/\/fadeweb.uncoma.edu.ar\/wp-content\/uploads\/2025\/07\/3-DE-JULIO-2025-819x1024.jpg 819w, https:\/\/fadeweb.uncoma.edu.ar\/wp-content\/uploads\/2025\/07\/3-DE-JULIO-2025-240x300.jpg 240w, https:\/\/fadeweb.uncoma.edu.ar\/wp-content\/uploads\/2025\/07\/3-DE-JULIO-2025-768x960.jpg 768w, https:\/\/fadeweb.uncoma.edu.ar\/wp-content\/uploads\/2025\/07\/3-DE-JULIO-2025.jpg 1080w\" sizes=\"(max-width: 480px) 100vw, 480px\" \/><\/p>\n<p>La formaci\u00f3n en Locuci\u00f3n es una de las menciones de la carrera de Comunicaci\u00f3n Social de la FADECS-UNCo, con 32 a\u00f1os de desarrollo en los que se brindan herramientas te\u00f3ricas y pr\u00e1cticas para manejar soportes tecnol\u00f3gicos y t\u00e9cnicas de expresi\u00f3n, seg\u00fan los canales de comunicaci\u00f3n p\u00fablica oral.<\/p>\n<p>Las autoridades de la FADECS saludan en su d\u00eda a las y los profesionales, en forma especial a profesoras y profesores de la carrera de Locuci\u00f3n y al personal de Antena Libre, por su desempe\u00f1o profesional y actitud \u00e9tica, su capacidad para conectar con los oyentes y su rol como fuente informativa con compromiso comunitario.<\/p>\n","protected":false},"excerpt":{"rendered":"<p>La formaci\u00f3n en Locuci\u00f3n es una de las menciones de la carrera de Comunicaci\u00f3n Social de la FADECS-UNCo, con 32 a\u00f1os de desarrollo en los que se brindan herramientas te\u00f3ricas y pr\u00e1cticas para manejar soportes tecnol\u00f3gicos y t\u00e9cnicas de expresi\u00f3n, seg\u00fan los canales de comunicaci\u00f3n p\u00fablica oral. Las autoridades de la FADECS saludan en su [&hellip;]<\/p>\n","protected":false},"author":4,"featured_media":25814,"comment_status":"closed","ping_status":"closed","sticky":false,"template":"","format":"standard","meta":{"footnotes":""},"categories":[5],"tags":[],"class_list":["post-25813","post","type-post","status-publish","format-standard","has-post-thumbnail","hentry","category-notifadecs"],"_links":{"self":[{"href":"https:\/\/fadeweb.uncoma.edu.ar\/index.php\/wp-json\/wp\/v2\/posts\/25813","targetHints":{"allow":["GET"]}}],"collection":[{"href":"https:\/\/fadeweb.uncoma.edu.ar\/index.php\/wp-json\/wp\/v2\/posts"}],"about":[{"href":"https:\/\/fadeweb.uncoma.edu.ar\/index.php\/wp-json\/wp\/v2\/types\/post"}],"author":[{"embeddable":true,"href":"https:\/\/fadeweb.uncoma.edu.ar\/index.php\/wp-json\/wp\/v2\/users\/4"}],"replies":[{"embeddable":true,"href":"https:\/\/fadeweb.uncoma.edu.ar\/index.php\/wp-json\/wp\/v2\/comments?post=25813"}],"version-history":[{"count":1,"href":"https:\/\/fadeweb.uncoma.edu.ar\/index.php\/wp-json\/wp\/v2\/posts\/25813\/revisions"}],"predecessor-version":[{"id":25815,"href":"https:\/\/fadeweb.uncoma.edu.ar\/index.php\/wp-json\/wp\/v2\/posts\/25813\/revisions\/25815"}],"wp:featuredmedia":[{"embeddable":true,"href":"https:\/\/fadeweb.uncoma.edu.ar\/index.php\/wp-json\/wp\/v2\/media\/25814"}],"wp:attachment":[{"href":"https:\/\/fadeweb.uncoma.edu.ar\/index.php\/wp-json\/wp\/v2\/media?parent=25813"}],"wp:term":[{"taxonomy":"category","embeddable":true,"href":"https:\/\/fadeweb.uncoma.edu.ar\/index.php\/wp-json\/wp\/v2\/categories?post=25813"},{"taxonomy":"post_tag","embeddable":true,"href":"https:\/\/fadeweb.uncoma.edu.ar\/index.php\/wp-json\/wp\/v2\/tags?post=25813"}],"curies":[{"name":"wp","href":"https:\/\/api.w.org\/{rel}","templated":true}]}}