{"id":25770,"date":"2025-06-30T13:02:56","date_gmt":"2025-06-30T16:02:56","guid":{"rendered":"https:\/\/fadeweb.uncoma.edu.ar\/?p=25770"},"modified":"2025-06-30T13:02:56","modified_gmt":"2025-06-30T16:02:56","slug":"lunes-30-de-junio-y-martes-1-de-julio-ingreso-del-personal-nodocente-a-partir-de-las-10-debido-a-los-frios-extremos","status":"publish","type":"post","link":"https:\/\/fadeweb.uncoma.edu.ar\/index.php\/2025\/06\/30\/lunes-30-de-junio-y-martes-1-de-julio-ingreso-del-personal-nodocente-a-partir-de-las-10-debido-a-los-frios-extremos\/","title":{"rendered":"Lunes 30 de junio y martes 1 de julio INGRESO DEL PERSONAL NODOCENTE A PARTIR DE LAS 10 DEBIDO A LOS FR\u00cdOS EXTREMOS"},"content":{"rendered":"<p><img fetchpriority=\"high\" decoding=\"async\" class=\"alignnone wp-image-25771\" src=\"https:\/\/fadeweb.uncoma.edu.ar\/wp-content\/uploads\/2025\/06\/30-819x1024.jpeg\" alt=\"Lunes 30 de junio y martes 1 de julio\nINGRESO DEL PERSONAL NODOCENTE A PARTIR DE LAS 10 DEBIDO A LOS FR\u00cdOS EXTREMOS\" width=\"480\" height=\"600\" srcset=\"https:\/\/fadeweb.uncoma.edu.ar\/wp-content\/uploads\/2025\/06\/30-819x1024.jpeg 819w, https:\/\/fadeweb.uncoma.edu.ar\/wp-content\/uploads\/2025\/06\/30-240x300.jpeg 240w, https:\/\/fadeweb.uncoma.edu.ar\/wp-content\/uploads\/2025\/06\/30-768x960.jpeg 768w, https:\/\/fadeweb.uncoma.edu.ar\/wp-content\/uploads\/2025\/06\/30.jpeg 1080w\" sizes=\"(max-width: 480px) 100vw, 480px\" \/><\/p>\n<p>La Facultad de Derecho y Ciencias Sociales resolvi\u00f3 \u00abautorizar la prestaci\u00f3n de servicios del personal no docente de la FADECS \u2014localizaci\u00f3n General Roca\u2014 con presencialidad f\u00edsica a partir de las 10 horas, manteni\u00e9ndose la obligaci\u00f3n de prestar servicios mediante presencialidad remota de 7 a 10 horas en aquellos sectores en donde resulte posible esta \u00faltima modalidad, el lunes 30 de junio y martes 1 de julio del corriente.<br \/>\n\u00abSin perjuicio de la autorizaci\u00f3n conferida para comenzar las actividades con presencialidad f\u00edsica a partir de las 10 horas, esta disposici\u00f3n no afecta el desarrollo de aquellas actividades acad\u00e9micas y\/o administrativas que ya estuvieran especialmente programadas con anterioridad, que se mantienen conforme a lo originariamente previsto\u00bb (Resoluci\u00f3n N\u00ba 0359).<br \/>\nDe esta manera, en vista del pron\u00f3stico de temperaturas por debajo de los 0 grados durante los dos d\u00edas para la ciudad de General Roca y alrededores, se tom\u00f3 la resoluci\u00f3n de autorizar el ingreso a partir de las 10 del personal no docente en resguardo de la integridad y salud de los integrantes de la comunidad acad\u00e9mica.<\/p>\n","protected":false},"excerpt":{"rendered":"<p>La Facultad de Derecho y Ciencias Sociales resolvi\u00f3 \u00abautorizar la prestaci\u00f3n de servicios del personal no docente de la FADECS \u2014localizaci\u00f3n General Roca\u2014 con presencialidad f\u00edsica a partir de las 10 horas, manteni\u00e9ndose la obligaci\u00f3n de prestar servicios mediante presencialidad remota de 7 a 10 horas en aquellos sectores en donde resulte posible esta \u00faltima [&hellip;]<\/p>\n","protected":false},"author":4,"featured_media":25771,"comment_status":"closed","ping_status":"closed","sticky":false,"template":"","format":"standard","meta":{"footnotes":""},"categories":[5],"tags":[],"class_list":["post-25770","post","type-post","status-publish","format-standard","has-post-thumbnail","hentry","category-notifadecs"],"_links":{"self":[{"href":"https:\/\/fadeweb.uncoma.edu.ar\/index.php\/wp-json\/wp\/v2\/posts\/25770","targetHints":{"allow":["GET"]}}],"collection":[{"href":"https:\/\/fadeweb.uncoma.edu.ar\/index.php\/wp-json\/wp\/v2\/posts"}],"about":[{"href":"https:\/\/fadeweb.uncoma.edu.ar\/index.php\/wp-json\/wp\/v2\/types\/post"}],"author":[{"embeddable":true,"href":"https:\/\/fadeweb.uncoma.edu.ar\/index.php\/wp-json\/wp\/v2\/users\/4"}],"replies":[{"embeddable":true,"href":"https:\/\/fadeweb.uncoma.edu.ar\/index.php\/wp-json\/wp\/v2\/comments?post=25770"}],"version-history":[{"count":1,"href":"https:\/\/fadeweb.uncoma.edu.ar\/index.php\/wp-json\/wp\/v2\/posts\/25770\/revisions"}],"predecessor-version":[{"id":25772,"href":"https:\/\/fadeweb.uncoma.edu.ar\/index.php\/wp-json\/wp\/v2\/posts\/25770\/revisions\/25772"}],"wp:featuredmedia":[{"embeddable":true,"href":"https:\/\/fadeweb.uncoma.edu.ar\/index.php\/wp-json\/wp\/v2\/media\/25771"}],"wp:attachment":[{"href":"https:\/\/fadeweb.uncoma.edu.ar\/index.php\/wp-json\/wp\/v2\/media?parent=25770"}],"wp:term":[{"taxonomy":"category","embeddable":true,"href":"https:\/\/fadeweb.uncoma.edu.ar\/index.php\/wp-json\/wp\/v2\/categories?post=25770"},{"taxonomy":"post_tag","embeddable":true,"href":"https:\/\/fadeweb.uncoma.edu.ar\/index.php\/wp-json\/wp\/v2\/tags?post=25770"}],"curies":[{"name":"wp","href":"https:\/\/api.w.org\/{rel}","templated":true}]}}