{"id":25718,"date":"2025-06-26T11:45:54","date_gmt":"2025-06-26T14:45:54","guid":{"rendered":"https:\/\/fadeweb.uncoma.edu.ar\/?p=25718"},"modified":"2025-06-26T11:45:54","modified_gmt":"2025-06-26T14:45:54","slug":"convocatoria-concurso-publico-de-antecedentes-y-oposicion-ano-2025-para-la-designacion-del-la-defensor-a-de-los-derechos-de-las-ninas-ninos-y-adolescentes","status":"publish","type":"post","link":"https:\/\/fadeweb.uncoma.edu.ar\/index.php\/2025\/06\/26\/convocatoria-concurso-publico-de-antecedentes-y-oposicion-ano-2025-para-la-designacion-del-la-defensor-a-de-los-derechos-de-las-ninas-ninos-y-adolescentes\/","title":{"rendered":"Convocatoria concurso p\u00fablico de antecedentes y oposici\u00f3n a\u00f1o 2025 para la DESIGNACI\u00d3N DEL\/LA DEFENSOR\/A DE LOS DERECHOS DE LAS NI\u00d1AS, NI\u00d1OS Y ADOLESCENTES"},"content":{"rendered":"<p data-start=\"38\" data-end=\"275\"><img fetchpriority=\"high\" decoding=\"async\" class=\"alignnone wp-image-25719\" src=\"https:\/\/fadeweb.uncoma.edu.ar\/wp-content\/uploads\/2025\/06\/ninez-819x1024.jpeg\" alt=\"Convocatoria concurso p\u00fablico de antecedentes y oposici\u00f3n a\u00f1o 2025 para la DESIGNACI\u00d3N DEL\/LA DEFENSOR\/A DE LOS DERECHOS DE LAS NI\u00d1AS, NI\u00d1OS Y ADOLESCENTES\" width=\"480\" height=\"600\" srcset=\"https:\/\/fadeweb.uncoma.edu.ar\/wp-content\/uploads\/2025\/06\/ninez-819x1024.jpeg 819w, https:\/\/fadeweb.uncoma.edu.ar\/wp-content\/uploads\/2025\/06\/ninez-240x300.jpeg 240w, https:\/\/fadeweb.uncoma.edu.ar\/wp-content\/uploads\/2025\/06\/ninez-768x960.jpeg 768w, https:\/\/fadeweb.uncoma.edu.ar\/wp-content\/uploads\/2025\/06\/ninez.jpeg 1080w\" sizes=\"(max-width: 480px) 100vw, 480px\" \/><br data-start=\"197\" data-end=\"200\" \/>Un actor clave para garantizar los derechos de ni\u00f1as, ni\u00f1os y adolescentes.<\/p>\n<p data-start=\"277\" data-end=\"584\">La inscripci\u00f3n es en l\u00ednea y est\u00e1 abierta hasta el 3 de julio, y luego la Comisi\u00f3n que lleva a cabo el concurso env\u00eda un correo con una fecha para presentar presencialmente la documentaci\u00f3n respaldatoria de antecedentes, identidad, etc. Si la persona est\u00e1 a m\u00e1s de 100 kms, se puede hacer por correo postal.<\/p>\n<p data-start=\"586\" data-end=\"731\">El formulario de inscripci\u00f3n se encuentra aqu\u00ed:<br data-start=\"633\" data-end=\"636\" \/><a class=\"\" href=\"https:\/\/www.hcdn.gob.ar\/comisiones\/especiales\/cbdnna\/concurso-publico\/terminos-condiciones.html\" target=\"_new\" rel=\"noopener\" data-start=\"636\" data-end=\"731\">https:\/\/www.hcdn.gob.ar\/comisiones\/especiales\/cbdnna\/concurso-publico\/terminos-condiciones.html<\/a><\/p>\n<p data-start=\"733\" data-end=\"766\"><strong data-start=\"733\" data-end=\"764\">Requisitos para postularse:<\/strong><\/p>\n<ul data-start=\"767\" data-end=\"937\">\n<li data-start=\"767\" data-end=\"786\">\n<p data-start=\"769\" data-end=\"786\">Ser argentino\/a<\/p>\n<\/li>\n<li data-start=\"787\" data-end=\"821\">\n<p data-start=\"789\" data-end=\"821\">Haber cumplido 30 a\u00f1os de edad<\/p>\n<\/li>\n<li data-start=\"822\" data-end=\"937\">\n<p data-start=\"824\" data-end=\"937\">Acreditar idoneidad y especializaci\u00f3n en la defensa y protecci\u00f3n de los derechos de ni\u00f1as, ni\u00f1os y adolescentes<\/p>\n<\/li>\n<\/ul>\n<p data-start=\"939\" data-end=\"1127\">Recomendaci\u00f3n: es mejor hacerlo con tiempo ya que durante el proceso se solicitan algunos certificados como antecedentes penales y de deudores alimentarios, as\u00ed como constancias laborales.<\/p>\n<p data-start=\"1129\" data-end=\"1219\">En esta p\u00e1gina est\u00e1n todos los reglamentos y pasos del concurso, que consta de 4 etapas:<\/p>\n<ol data-start=\"1220\" data-end=\"1530\">\n<li data-start=\"1220\" data-end=\"1251\">\n<p data-start=\"1223\" data-end=\"1251\">Evaluaci\u00f3n de antecedentes<\/p>\n<\/li>\n<li data-start=\"1252\" data-end=\"1305\">\n<p data-start=\"1255\" data-end=\"1305\">Examen escrito (que se realizar\u00e1 el 1 de agosto)<\/p>\n<\/li>\n<li data-start=\"1306\" data-end=\"1341\">\n<p data-start=\"1309\" data-end=\"1341\">Evaluaci\u00f3n del plan de trabajo<\/p>\n<\/li>\n<li data-start=\"1342\" data-end=\"1530\">\n<p data-start=\"1345\" data-end=\"1530\">Audiencia con las integrantes de la Bicameral, que son del 28 de agosto al 1 de septiembre<br data-start=\"1435\" data-end=\"1438\" \/>Cada etapa es preclusiva, es decir que se avanza conforme se vayan aprobando las anteriores.<\/p>\n<\/li>\n<\/ol>\n<p data-start=\"1532\" data-end=\"1650\"><strong data-start=\"1532\" data-end=\"1577\">Concurso de antecedentes y oposici\u00f3n 2025<\/strong><br data-start=\"1577\" data-end=\"1580\" \/><a class=\"\" href=\"https:\/\/www.hcdn.gob.ar\/comisiones\/especiales\/cbdnna\/concurso-publico\/\" target=\"_new\" rel=\"noopener\" data-start=\"1580\" data-end=\"1650\">https:\/\/www.hcdn.gob.ar\/comisiones\/especiales\/cbdnna\/concurso-publico\/<\/a><\/p>\n<p data-start=\"1652\" data-end=\"1827\">Mabel Bianco (presidenta de la Fundaci\u00f3n para el estudio e investigaci\u00f3n de la mujer), lo explica aqu\u00ed:<br data-start=\"1755\" data-end=\"1758\" \/><a class=\"\" href=\"https:\/\/www.instagram.com\/reel\/DLVd9KZR0zk\/?igsh=MXM0Y2didDJwM2Rheg==\" target=\"_new\" rel=\"noopener\" data-start=\"1758\" data-end=\"1827\">https:\/\/www.instagram.com\/reel\/DLVd9KZR0zk\/?igsh=MXM0Y2didDJwM2Rheg==<\/a><\/p>\n","protected":false},"excerpt":{"rendered":"<p>Un actor clave para garantizar los derechos de ni\u00f1as, ni\u00f1os y adolescentes. La inscripci\u00f3n es en l\u00ednea y est\u00e1 abierta hasta el 3 de julio, y luego la Comisi\u00f3n que lleva a cabo el concurso env\u00eda un correo con una fecha para presentar presencialmente la documentaci\u00f3n respaldatoria de antecedentes, identidad, etc. Si la persona est\u00e1 [&hellip;]<\/p>\n","protected":false},"author":4,"featured_media":25719,"comment_status":"closed","ping_status":"closed","sticky":false,"template":"","format":"standard","meta":{"footnotes":""},"categories":[5],"tags":[],"class_list":["post-25718","post","type-post","status-publish","format-standard","has-post-thumbnail","hentry","category-notifadecs"],"_links":{"self":[{"href":"https:\/\/fadeweb.uncoma.edu.ar\/index.php\/wp-json\/wp\/v2\/posts\/25718","targetHints":{"allow":["GET"]}}],"collection":[{"href":"https:\/\/fadeweb.uncoma.edu.ar\/index.php\/wp-json\/wp\/v2\/posts"}],"about":[{"href":"https:\/\/fadeweb.uncoma.edu.ar\/index.php\/wp-json\/wp\/v2\/types\/post"}],"author":[{"embeddable":true,"href":"https:\/\/fadeweb.uncoma.edu.ar\/index.php\/wp-json\/wp\/v2\/users\/4"}],"replies":[{"embeddable":true,"href":"https:\/\/fadeweb.uncoma.edu.ar\/index.php\/wp-json\/wp\/v2\/comments?post=25718"}],"version-history":[{"count":1,"href":"https:\/\/fadeweb.uncoma.edu.ar\/index.php\/wp-json\/wp\/v2\/posts\/25718\/revisions"}],"predecessor-version":[{"id":25720,"href":"https:\/\/fadeweb.uncoma.edu.ar\/index.php\/wp-json\/wp\/v2\/posts\/25718\/revisions\/25720"}],"wp:featuredmedia":[{"embeddable":true,"href":"https:\/\/fadeweb.uncoma.edu.ar\/index.php\/wp-json\/wp\/v2\/media\/25719"}],"wp:attachment":[{"href":"https:\/\/fadeweb.uncoma.edu.ar\/index.php\/wp-json\/wp\/v2\/media?parent=25718"}],"wp:term":[{"taxonomy":"category","embeddable":true,"href":"https:\/\/fadeweb.uncoma.edu.ar\/index.php\/wp-json\/wp\/v2\/categories?post=25718"},{"taxonomy":"post_tag","embeddable":true,"href":"https:\/\/fadeweb.uncoma.edu.ar\/index.php\/wp-json\/wp\/v2\/tags?post=25718"}],"curies":[{"name":"wp","href":"https:\/\/api.w.org\/{rel}","templated":true}]}}