{"id":25678,"date":"2025-06-23T12:52:38","date_gmt":"2025-06-23T15:52:38","guid":{"rendered":"https:\/\/fadeweb.uncoma.edu.ar\/?p=25678"},"modified":"2025-06-23T12:52:38","modified_gmt":"2025-06-23T15:52:38","slug":"foro-clacso-de-la-resistencia-a-la-incidencia-transformaciones-en-politica-publica","status":"publish","type":"post","link":"https:\/\/fadeweb.uncoma.edu.ar\/index.php\/2025\/06\/23\/foro-clacso-de-la-resistencia-a-la-incidencia-transformaciones-en-politica-publica\/","title":{"rendered":"Foro CLACSO DE LA RESISTENCIA A LA INCIDENCIA: TRANSFORMACIONES EN POL\u00cdTICA P\u00daBLICA"},"content":{"rendered":"<p><img fetchpriority=\"high\" decoding=\"async\" class=\"alignnone wp-image-25679\" src=\"https:\/\/fadeweb.uncoma.edu.ar\/wp-content\/uploads\/2025\/06\/clacso.png\" alt=\"Foro CLACSO\nDE LA RESISTENCIA A LA INCIDENCIA: TRANSFORMACIONES EN POL\u00cdTICA P\u00daBLICA\" width=\"481\" height=\"600\" srcset=\"https:\/\/fadeweb.uncoma.edu.ar\/wp-content\/uploads\/2025\/06\/clacso.png 600w, https:\/\/fadeweb.uncoma.edu.ar\/wp-content\/uploads\/2025\/06\/clacso-240x300.png 240w\" sizes=\"(max-width: 481px) 100vw, 481px\" \/><\/p>\n<p>Esta actividad se realiz\u00f3 el 10 de junio pasado en el marco de la X Conferencia Latinoamericana y Caribe\u00f1a de Ciencias Sociales (CLACSO-2025). Fue co-organizada por el Proyecto Misi\u00f3n Ciencias Humanas de la Universidad Nacional (Colombia), el Consejo de Decanas y Decanos de Ciencias Sociales y Humanas (CODESOC) de Argentina y la Asociaci\u00f3n Latinoamericana de Ense\u00f1anza e Investigaci\u00f3n en Trabajo Social (ALAEITS).<\/p>\n<p>El espacio fue un encuentro desde distintas realidades latinoamericanas, con el objetivo de reflexionar sobre el papel de las ciencias sociales y las humanidades en la transformaci\u00f3n de pol\u00edticas p\u00fablicas, desde una perspectiva situada en las resistencias y luchas territoriales.<\/p>\n<p>Enlace al desarrollo del encuentro: <a href=\"https:\/\/www.youtube.com\/watch?v=WKtqRLQSmIA\">https:\/\/www.youtube.com\/watch?v=WKtqRLQSmIA<\/a><\/p>\n","protected":false},"excerpt":{"rendered":"<p>Esta actividad se realiz\u00f3 el 10 de junio pasado en el marco de la X Conferencia Latinoamericana y Caribe\u00f1a de Ciencias Sociales (CLACSO-2025). Fue co-organizada por el Proyecto Misi\u00f3n Ciencias Humanas de la Universidad Nacional (Colombia), el Consejo de Decanas y Decanos de Ciencias Sociales y Humanas (CODESOC) de Argentina y la Asociaci\u00f3n Latinoamericana de [&hellip;]<\/p>\n","protected":false},"author":4,"featured_media":25679,"comment_status":"closed","ping_status":"closed","sticky":false,"template":"","format":"standard","meta":{"footnotes":""},"categories":[5],"tags":[],"class_list":["post-25678","post","type-post","status-publish","format-standard","has-post-thumbnail","hentry","category-notifadecs"],"_links":{"self":[{"href":"https:\/\/fadeweb.uncoma.edu.ar\/index.php\/wp-json\/wp\/v2\/posts\/25678","targetHints":{"allow":["GET"]}}],"collection":[{"href":"https:\/\/fadeweb.uncoma.edu.ar\/index.php\/wp-json\/wp\/v2\/posts"}],"about":[{"href":"https:\/\/fadeweb.uncoma.edu.ar\/index.php\/wp-json\/wp\/v2\/types\/post"}],"author":[{"embeddable":true,"href":"https:\/\/fadeweb.uncoma.edu.ar\/index.php\/wp-json\/wp\/v2\/users\/4"}],"replies":[{"embeddable":true,"href":"https:\/\/fadeweb.uncoma.edu.ar\/index.php\/wp-json\/wp\/v2\/comments?post=25678"}],"version-history":[{"count":1,"href":"https:\/\/fadeweb.uncoma.edu.ar\/index.php\/wp-json\/wp\/v2\/posts\/25678\/revisions"}],"predecessor-version":[{"id":25680,"href":"https:\/\/fadeweb.uncoma.edu.ar\/index.php\/wp-json\/wp\/v2\/posts\/25678\/revisions\/25680"}],"wp:featuredmedia":[{"embeddable":true,"href":"https:\/\/fadeweb.uncoma.edu.ar\/index.php\/wp-json\/wp\/v2\/media\/25679"}],"wp:attachment":[{"href":"https:\/\/fadeweb.uncoma.edu.ar\/index.php\/wp-json\/wp\/v2\/media?parent=25678"}],"wp:term":[{"taxonomy":"category","embeddable":true,"href":"https:\/\/fadeweb.uncoma.edu.ar\/index.php\/wp-json\/wp\/v2\/categories?post=25678"},{"taxonomy":"post_tag","embeddable":true,"href":"https:\/\/fadeweb.uncoma.edu.ar\/index.php\/wp-json\/wp\/v2\/tags?post=25678"}],"curies":[{"name":"wp","href":"https:\/\/api.w.org\/{rel}","templated":true}]}}