{"id":25675,"date":"2025-06-23T12:43:37","date_gmt":"2025-06-23T15:43:37","guid":{"rendered":"https:\/\/fadeweb.uncoma.edu.ar\/?p=25675"},"modified":"2025-06-23T12:43:37","modified_gmt":"2025-06-23T15:43:37","slug":"desarrollo-de-las-actividades-y-avance-de-las-obras-de-gas-en-la-fadecs","status":"publish","type":"post","link":"https:\/\/fadeweb.uncoma.edu.ar\/index.php\/2025\/06\/23\/desarrollo-de-las-actividades-y-avance-de-las-obras-de-gas-en-la-fadecs\/","title":{"rendered":"DESARROLLO DE LAS ACTIVIDADES Y AVANCE DE LAS OBRAS DE GAS EN LA FADECS"},"content":{"rendered":"<p><img fetchpriority=\"high\" decoding=\"async\" class=\"alignnone wp-image-25676\" src=\"https:\/\/fadeweb.uncoma.edu.ar\/wp-content\/uploads\/2025\/06\/placa-gas-819x1024.jpeg\" alt=\"DESARROLLO DE LAS ACTIVIDADES Y AVANCE DE LAS OBRAS DE GAS EN LA FADECS\" width=\"480\" height=\"600\" srcset=\"https:\/\/fadeweb.uncoma.edu.ar\/wp-content\/uploads\/2025\/06\/placa-gas-819x1024.jpeg 819w, https:\/\/fadeweb.uncoma.edu.ar\/wp-content\/uploads\/2025\/06\/placa-gas-240x300.jpeg 240w, https:\/\/fadeweb.uncoma.edu.ar\/wp-content\/uploads\/2025\/06\/placa-gas-768x960.jpeg 768w, https:\/\/fadeweb.uncoma.edu.ar\/wp-content\/uploads\/2025\/06\/placa-gas.jpeg 1080w\" sizes=\"(max-width: 480px) 100vw, 480px\" \/><\/p>\n<p>La gesti\u00f3n de la Facultad de Derecho y Ciencias Sociales informa que, si bien el servicio de calefacci\u00f3n ha sido restablecido en las aulas del edificio hist\u00f3rico, a\u00fan persisten inconvenientes en los sectores correspondientes a la Secretar\u00eda Acad\u00e9mica y la Secretar\u00eda de Extensi\u00f3n, donde contin\u00faa sin habilitarse el sistema de climatizaci\u00f3n. Esta situaci\u00f3n sigue generando restricciones en las tareas que desarrollan las y los integrantes de dichos sectores, hasta tanto se logre restablecer el servicio.<\/p>\n<p>Por otra parte, en el edificio nuevo, CAMUZZI GAS DEL SUR ha suspendido el suministro de gas debido a la detecci\u00f3n de una posible p\u00e9rdida. Mientras se realiza el diagn\u00f3stico t\u00e9cnico correspondiente y se avanza en la soluci\u00f3n del inconveniente con personal especializado, desde el sector de Bedel\u00eda se est\u00e1 trabajando en la rediagramaci\u00f3n de las actividades que se desarrollan en las aulas afectadas.<\/p>\n<p>Nos encontramos trabajando d\u00eda a d\u00eda para resolver esta situaci\u00f3n de manera integral y segura, y agradecemos la comprensi\u00f3n y paciencia de toda la comunidad educativa en este contexto.<\/p>\n","protected":false},"excerpt":{"rendered":"<p>La gesti\u00f3n de la Facultad de Derecho y Ciencias Sociales informa que, si bien el servicio de calefacci\u00f3n ha sido restablecido en las aulas del edificio hist\u00f3rico, a\u00fan persisten inconvenientes en los sectores correspondientes a la Secretar\u00eda Acad\u00e9mica y la Secretar\u00eda de Extensi\u00f3n, donde contin\u00faa sin habilitarse el sistema de climatizaci\u00f3n. Esta situaci\u00f3n sigue generando [&hellip;]<\/p>\n","protected":false},"author":4,"featured_media":25676,"comment_status":"closed","ping_status":"closed","sticky":false,"template":"","format":"standard","meta":{"footnotes":""},"categories":[5],"tags":[],"class_list":["post-25675","post","type-post","status-publish","format-standard","has-post-thumbnail","hentry","category-notifadecs"],"_links":{"self":[{"href":"https:\/\/fadeweb.uncoma.edu.ar\/index.php\/wp-json\/wp\/v2\/posts\/25675","targetHints":{"allow":["GET"]}}],"collection":[{"href":"https:\/\/fadeweb.uncoma.edu.ar\/index.php\/wp-json\/wp\/v2\/posts"}],"about":[{"href":"https:\/\/fadeweb.uncoma.edu.ar\/index.php\/wp-json\/wp\/v2\/types\/post"}],"author":[{"embeddable":true,"href":"https:\/\/fadeweb.uncoma.edu.ar\/index.php\/wp-json\/wp\/v2\/users\/4"}],"replies":[{"embeddable":true,"href":"https:\/\/fadeweb.uncoma.edu.ar\/index.php\/wp-json\/wp\/v2\/comments?post=25675"}],"version-history":[{"count":1,"href":"https:\/\/fadeweb.uncoma.edu.ar\/index.php\/wp-json\/wp\/v2\/posts\/25675\/revisions"}],"predecessor-version":[{"id":25677,"href":"https:\/\/fadeweb.uncoma.edu.ar\/index.php\/wp-json\/wp\/v2\/posts\/25675\/revisions\/25677"}],"wp:featuredmedia":[{"embeddable":true,"href":"https:\/\/fadeweb.uncoma.edu.ar\/index.php\/wp-json\/wp\/v2\/media\/25676"}],"wp:attachment":[{"href":"https:\/\/fadeweb.uncoma.edu.ar\/index.php\/wp-json\/wp\/v2\/media?parent=25675"}],"wp:term":[{"taxonomy":"category","embeddable":true,"href":"https:\/\/fadeweb.uncoma.edu.ar\/index.php\/wp-json\/wp\/v2\/categories?post=25675"},{"taxonomy":"post_tag","embeddable":true,"href":"https:\/\/fadeweb.uncoma.edu.ar\/index.php\/wp-json\/wp\/v2\/tags?post=25675"}],"curies":[{"name":"wp","href":"https:\/\/api.w.org\/{rel}","templated":true}]}}