{"id":25667,"date":"2025-06-19T13:54:22","date_gmt":"2025-06-19T16:54:22","guid":{"rendered":"https:\/\/fadeweb.uncoma.edu.ar\/?p=25667"},"modified":"2025-06-19T13:54:22","modified_gmt":"2025-06-19T16:54:22","slug":"colacion-de-grado-en-la-fadecs-con-entrega-de-veintinueve-titulos-de-grado-y-siete-titulos-de-posgrado","status":"publish","type":"post","link":"https:\/\/fadeweb.uncoma.edu.ar\/index.php\/2025\/06\/19\/colacion-de-grado-en-la-fadecs-con-entrega-de-veintinueve-titulos-de-grado-y-siete-titulos-de-posgrado\/","title":{"rendered":"COLACI\u00d3N DE GRADO EN LA FADECS, CON ENTREGA DE VEINTINUEVE T\u00cdTULOS DE GRADO Y SIETE T\u00cdTULOS DE POSGRADO"},"content":{"rendered":"<p><img fetchpriority=\"high\" decoding=\"async\" class=\"alignnone wp-image-25668\" src=\"https:\/\/fadeweb.uncoma.edu.ar\/wp-content\/uploads\/2025\/06\/0-1024x683.jpg\" alt=\"COLACI\u00d3N DE GRADO EN LA FADECS, CON ENTREGA DE VEINTINUEVE T\u00cdTULOS DE GRADO Y SIETE T\u00cdTULOS DE POSGRADO\" width=\"600\" height=\"400\" srcset=\"https:\/\/fadeweb.uncoma.edu.ar\/wp-content\/uploads\/2025\/06\/0-1024x683.jpg 1024w, https:\/\/fadeweb.uncoma.edu.ar\/wp-content\/uploads\/2025\/06\/0-300x200.jpg 300w, https:\/\/fadeweb.uncoma.edu.ar\/wp-content\/uploads\/2025\/06\/0-768x512.jpg 768w, https:\/\/fadeweb.uncoma.edu.ar\/wp-content\/uploads\/2025\/06\/0-1536x1024.jpg 1536w, https:\/\/fadeweb.uncoma.edu.ar\/wp-content\/uploads\/2025\/06\/0.jpg 1920w\" sizes=\"(max-width: 600px) 100vw, 600px\" \/><\/p>\n<p>La Facultad de Derecho y Ciencias Sociales de la Universidad Nacional del Comahue llev\u00f3 a cabo el jueves 19 de junio, el 160\u00ba Acto Acad\u00e9mico de Colaci\u00f3n de Grado y de Posgrado. Presidi\u00f3 el Acto de Colaci\u00f3n el secretario de Extensi\u00f3n de la UNCo Dami\u00e1n Cancelo, y lo acompa\u00f1aron en la mesa de ceremonias el decano Juan Carlos Fern\u00e1ndez y el secretario Acad\u00e9mico Ra\u00fal Franco.<\/p>\n<p>Se encontraban presentes el director de Posgrado Cristian G\u00f3mez, la secretaria de Bienestar Estudiantil Victoria Formiga Fresser y la secretaria de Consejo Directivo Ayel\u00e9n Rojas. Adem\u00e1s del director y la coordinadora de la carrera Especializaci\u00f3n en Trabajo Social Forense, consejeras y consejeros directivos, directoras y directores de departamentos, director de la carrera de Abogac\u00eda, docentes y no docentes de nuestra casa de estudios, familiares y amigos de los egresados.<\/p>\n<p>En representaci\u00f3n de los graduados hablaron, por la carrera de Abogac\u00eda Valentina Peruzzi, por la carrera de Profesorado en Comunicaci\u00f3n Social Tamara Ail\u00e9n Chazarreta, por la carrera de Licenciatura en Sociolog\u00eda Cecilia Anah\u00ed Mancuso, y por la Licenciatura en Servicio Social Luc\u00eda Bel\u00e9n Gim\u00e9nez. Las palabras fueron de \u00abreconocimiento a la familia y de sostenimiento del sacrificio por dejar de lado horas de sue\u00f1o y de compartir en familia, como de vivir con un presupuesto ajustado. Es la presi\u00f3n de no estar a la altura, de vivir con la incertidumbre del futuro y a\u00fan as\u00ed seguir adelante. Y tambi\u00e9n es una etapa en la que crecemos como personas, cada sacrificio nos moldea, nos ense\u00f1a disciplina, resiliencia y compromiso. Aprendemos a luchar por nuestros sue\u00f1os, a caer y a levantarnos. A nunca perder de vista el por que comenzamos, m\u00e1s all\u00e1 de lo que venga, el mayor logro es convertirse en alguien que no se rindi\u00f3. Este t\u00edtulo es la celebraci\u00f3n del comienzo de nuevos desaf\u00edos. La Universidad P\u00fablica nos deja una huella, nos transforma, es un lugar donde la educaci\u00f3n dej\u00f3 de ser un privilegio para convertirse en un derecho\u00bb.<\/p>\n<p><strong>Palabras de autoridades<\/strong><br \/>\nA continuaci\u00f3n, el decano Fern\u00e1ndez expres\u00f3 que \u00abcada uno de ustedes sabe que hoy est\u00e1n ac\u00e1 por una decisi\u00f3n inicial y muchas decisiones posteriores que la ratificaron. Por una renuncia inicial a otras opciones de vida, que siempre se dejan de lado cuando se elige una posibilidad. El esfuerzo individual y la profunda elecci\u00f3n de vida realizada tuvo un final esplendoroso, en el que tambi\u00e9n sus apoyos familiares y de amigos que tambi\u00e9n renunciaron a otras posibilidades de vida. A ellas tambi\u00e9n va nuestro reconocimiento. Disfruten del goce de poder ayudar a esas personas que las han acompa\u00f1ado en ese trayecto.<br \/>\n\u00abEsas decisiones individuales necesarias, sin la cuales no estar\u00edamos ac\u00e1, les ser\u00eda imposible sin previas constituciones sociales. Como encontraron el agua pura en la canilla, encontraron la universidad p\u00fablica. Lo naturalizamos y cre\u00edmos que nunca \u00edbamos a tener que estar como hoy diciendo que la universidad p\u00fablica es absolutamente necesaria. Existe porque hubo decisiones previas y las sociedades, como ustedes y sus familias, tienen que tomar las decisiones m\u00e1s de una vez. Es por ello que planteamos de manera urgente la convocatoria para saber que esto puede dejar de existir, vamos a revisarnos a nosotros mismos hasta que grado hemos naturalizado que tenemos universidad p\u00fablica y entonces otro dar\u00e1 la lucha. Entendamos en profundidad este llamado que tiene que ser colectivo, bien direccionado, estrat\u00e9gico, fruct\u00edfero, \u00fatil, revisando aquello que tengamos que revisar\u00bb, dijo.<\/p>\n<p>El Secretario de Cancelo, para dirigirse, tom\u00f3 las palabras de la rectora de la UNCo Beatriz Gentile qui\u00e9n sostuvo que \u00abhay dos momentos consagratorios en la vida universitaria, el primero es el ingreso una suerte de pacto que hacemos con la sociedad que la sostiene a la que nos debemos como instituci\u00f3n p\u00fablica. En un mundo donde los estudios universitarios est\u00e1n cada vez m\u00e1s restringidos, y tienden a ser cada vez m\u00e1s exclusivos, pensados y dise\u00f1ados para los hijos de cierta elite dominante, que garantice y perpet\u00fae ese linaje.<\/p>\n<p>\u00abEn nuestro pa\u00eds, hoy m\u00e1s que nunca seguimos defendiendo el derecho a la educaci\u00f3n superior y lo pensamos como un derecho humano. Si hay algo que caracteriza a nuestra joven universidad, hace poco cumplimos cincuenta a\u00f1os, no es solo su car\u00e1cter regional, sino que adem\u00e1s ustedes son en sus familias seguramente primera generaci\u00f3n de graduados. El segundo momento es la colaci\u00f3n, finalizar un trayecto formativo que es ni m\u00e1s ni menos que el compromiso que se tiene con la sociedad a la que nos debemos como instituci\u00f3n publica y gratuita. Nadie que ingresa a la universidad p\u00fablica y en su tr\u00e1nsito por la misma sale de la misma manera. Ni el pa\u00eds ni la sociedad es la misma. La universidad no da todas las respuestas, nos prepara en todo caso para mejorar y hacer las preguntas correctas\u00bb, dijo.<\/p>\n<p><strong>RECIBIERON EL T\u00cdTULO DE GRADO<\/strong><\/p>\n<p><strong>Por la carrera de Abogac\u00eda<\/strong>: Brenda Romina Berhau, Erika Dianne Biegler, Romina Isabel Carrasco, Claudio Armando Clozza, \u00c1ngel Andr\u00e9s Duarte, Alan Gunckel, Romina Edith Navarrete, Candela Del Pilar Pacheco Huichacura, Jean Marie Jos\u00e9 Piazza, Gisela Elizabeth Quadrini, Graciela Bel\u00e9n Rascovich, Valentina Peruzzi.<\/p>\n<p><strong>Por la carrera de Licenciatura en Comunicaci\u00f3n Social:<\/strong> Sabrina Desireee Carrew Lesiw, Manuel Esteban Torres Bravo, Maximiliano Nicol\u00e1s Arigon.<\/p>\n<p><strong>Por la carrera de Profesorado en Comunicaci\u00f3n Social:<\/strong> Nicol\u00e1s Noe, Tamara Ailen Chazarreta.<\/p>\n<p><strong>Por la carrera de Licenciatura en Servicio Social:<\/strong> Jenifer Mariel Antigual, Maria Cristina Choilaf, Karla Ariadna Flores, Solange Maria Luz Garc\u00eda, Maria Laura Gauna, Lucia Bel\u00e9n Gimenez, Eliana Bel\u00e9n Hueche, Carolina Leal, Maria Agostina Mart\u00ednez, Claudia Bel\u00e9n Molina, Ana Laura Pacheco.<br \/>\n<strong>Por la carrera de Licenciatura en Sociolog\u00eda:<\/strong> Cecilia Anahi Mancuso.<\/p>\n<p><strong>RECIBIERON EL T\u00cdTULO DE POSGRADO<\/strong><\/p>\n<p><strong>Por la carrera de Especializaci\u00f3n en Trabajo Social Forense:<\/strong> Lautaro Serrano, Paula Graciela Rodr\u00edguez, Pamela Beatriz Pacheco Gui\u00f1azu, Marcela Carina Manglus, Mar\u00eda Laura Klimisch, Suyai Lorena Alarc\u00f3n.<\/p>\n<p><strong>Por la carrera de Especializaci\u00f3n en Derecho Penal y Ciencias Penales:<\/strong> Lucila Maggiora.<\/p>\n<p><strong>Por la carrera de Especializaci\u00f3n en Derecho Administrativo:<\/strong> Lucia Juliana Virginia Vignoni.<\/p>\n<p>Estuvo a cargo de la locuci\u00f3n y conducci\u00f3n el estudiante de la Licenciatura en Comunicaci\u00f3n Social con menci\u00f3n en Locuci\u00f3n Bruno L\u00f3pez.<\/p>\n","protected":false},"excerpt":{"rendered":"<p>La Facultad de Derecho y Ciencias Sociales de la Universidad Nacional del Comahue llev\u00f3 a cabo el jueves 19 de junio, el 160\u00ba Acto Acad\u00e9mico de Colaci\u00f3n de Grado y de Posgrado. Presidi\u00f3 el Acto de Colaci\u00f3n el secretario de Extensi\u00f3n de la UNCo Dami\u00e1n Cancelo, y lo acompa\u00f1aron en la mesa de ceremonias el [&hellip;]<\/p>\n","protected":false},"author":4,"featured_media":25668,"comment_status":"closed","ping_status":"closed","sticky":false,"template":"","format":"standard","meta":{"footnotes":""},"categories":[5],"tags":[],"class_list":["post-25667","post","type-post","status-publish","format-standard","has-post-thumbnail","hentry","category-notifadecs"],"_links":{"self":[{"href":"https:\/\/fadeweb.uncoma.edu.ar\/index.php\/wp-json\/wp\/v2\/posts\/25667","targetHints":{"allow":["GET"]}}],"collection":[{"href":"https:\/\/fadeweb.uncoma.edu.ar\/index.php\/wp-json\/wp\/v2\/posts"}],"about":[{"href":"https:\/\/fadeweb.uncoma.edu.ar\/index.php\/wp-json\/wp\/v2\/types\/post"}],"author":[{"embeddable":true,"href":"https:\/\/fadeweb.uncoma.edu.ar\/index.php\/wp-json\/wp\/v2\/users\/4"}],"replies":[{"embeddable":true,"href":"https:\/\/fadeweb.uncoma.edu.ar\/index.php\/wp-json\/wp\/v2\/comments?post=25667"}],"version-history":[{"count":1,"href":"https:\/\/fadeweb.uncoma.edu.ar\/index.php\/wp-json\/wp\/v2\/posts\/25667\/revisions"}],"predecessor-version":[{"id":25669,"href":"https:\/\/fadeweb.uncoma.edu.ar\/index.php\/wp-json\/wp\/v2\/posts\/25667\/revisions\/25669"}],"wp:featuredmedia":[{"embeddable":true,"href":"https:\/\/fadeweb.uncoma.edu.ar\/index.php\/wp-json\/wp\/v2\/media\/25668"}],"wp:attachment":[{"href":"https:\/\/fadeweb.uncoma.edu.ar\/index.php\/wp-json\/wp\/v2\/media?parent=25667"}],"wp:term":[{"taxonomy":"category","embeddable":true,"href":"https:\/\/fadeweb.uncoma.edu.ar\/index.php\/wp-json\/wp\/v2\/categories?post=25667"},{"taxonomy":"post_tag","embeddable":true,"href":"https:\/\/fadeweb.uncoma.edu.ar\/index.php\/wp-json\/wp\/v2\/tags?post=25667"}],"curies":[{"name":"wp","href":"https:\/\/api.w.org\/{rel}","templated":true}]}}