{"id":25618,"date":"2025-06-15T00:10:59","date_gmt":"2025-06-15T03:10:59","guid":{"rendered":"https:\/\/fadeweb.uncoma.edu.ar\/?p=25618"},"modified":"2025-06-17T11:40:32","modified_gmt":"2025-06-17T14:40:32","slug":"15-de-junio-dia-mundial-de-la-toma-de-conciencia-del-abuso-y-maltrato-en-la-vejez","status":"publish","type":"post","link":"https:\/\/fadeweb.uncoma.edu.ar\/index.php\/2025\/06\/15\/15-de-junio-dia-mundial-de-la-toma-de-conciencia-del-abuso-y-maltrato-en-la-vejez\/","title":{"rendered":"15 DE JUNIO \u201cD\u00cdA MUNDIAL DE LA TOMA DE CONCIENCIA DEL ABUSO Y MALTRATO EN LA VEJEZ\u201d"},"content":{"rendered":"<p><img fetchpriority=\"high\" decoding=\"async\" class=\"alignnone wp-image-25619\" src=\"https:\/\/fadeweb.uncoma.edu.ar\/wp-content\/uploads\/2025\/06\/15-de-junio-2025-obs-819x1024.jpg\" alt=\"15 DE JUNIO \u201cD\u00cdA MUNDIAL DE LA TOMA DE CONCIENCIA DEL ABUSO Y MALTRATO EN LA VEJEZ\u201d\" width=\"480\" height=\"600\" srcset=\"https:\/\/fadeweb.uncoma.edu.ar\/wp-content\/uploads\/2025\/06\/15-de-junio-2025-obs-819x1024.jpg 819w, https:\/\/fadeweb.uncoma.edu.ar\/wp-content\/uploads\/2025\/06\/15-de-junio-2025-obs-240x300.jpg 240w, https:\/\/fadeweb.uncoma.edu.ar\/wp-content\/uploads\/2025\/06\/15-de-junio-2025-obs-768x960.jpg 768w, https:\/\/fadeweb.uncoma.edu.ar\/wp-content\/uploads\/2025\/06\/15-de-junio-2025-obs.jpg 1080w\" sizes=\"(max-width: 480px) 100vw, 480px\" \/><\/p>\n<h3>NATURALIZAR LA VIOLENCIA INSTITUCIONAL, TAMBI\u00c9N ES MAL TRATO<\/h3>\n<p>Al conmemorarse el 15 de junio el D\u00eda Mundial de la Toma de Conciencia del Abuso y Maltrato en la Vejez, desde el Observatorio de Pol\u00edticas P\u00fablicas para Personas Mayores hacemos un llamado a la sociedad toda, a reflexionar sobre la normalizaci\u00f3n de la violencia institucional.<\/p>\n<p>En este d\u00eda de reflexi\u00f3n nos parece de suma importancia cuestionar la naturalizaci\u00f3n de la violencia del actual contexto. Dado que cuando un acto se vuelve normal, desaparece la posibilidad de problematizarlo. Estamos en un momento donde pareciera que existe una batalla de normalidades donde quien gana esa batalla establece la norma. Si ese ganador es el Estado, esa regla debe ser cumplida.<\/p>\n<p>Vemos con preocupaci\u00f3n que todos los mi\u00e9rcoles las personas mayores se encuentren en la calle, en nuestra ciudad y en el pa\u00eds, vemos con preocupaci\u00f3n que sean reprimidos y golpeados, vemos con preocupaci\u00f3n que una persona mayor pierda la vida haciendo una fila para acceder a un derecho. Nos negamos a que esta realidad se vuelva normal.<\/p>\n<p>Creemos firmemente que, si la sociedad pierde la capacidad de conmoverse ante la sola idea de que una persona, que trabaj\u00f3 toda su vida, hoy deba elegir entre comprar sus remedios o comer, estamos deshumaniz\u00e1ndonos y estamos perdiendo la batalla.<\/p>\n<p>Abogamos hoy y todos los d\u00edas por una realidad m\u00e1s justa e inclusiva, donde las personas puedan desarrollar sus vidas de manera libre y con acceso a todos los derechos, pero, sobre todo, una realidad, donde la violencia no sea una costumbre.<\/p>\n","protected":false},"excerpt":{"rendered":"<p>NATURALIZAR LA VIOLENCIA INSTITUCIONAL, TAMBI\u00c9N ES MAL TRATO Al conmemorarse el 15 de junio el D\u00eda Mundial de la Toma de Conciencia del Abuso y Maltrato en la Vejez, desde el Observatorio de Pol\u00edticas P\u00fablicas para Personas Mayores hacemos un llamado a la sociedad toda, a reflexionar sobre la normalizaci\u00f3n de la violencia institucional. En [&hellip;]<\/p>\n","protected":false},"author":4,"featured_media":25619,"comment_status":"closed","ping_status":"closed","sticky":false,"template":"","format":"standard","meta":{"footnotes":""},"categories":[5],"tags":[],"class_list":["post-25618","post","type-post","status-publish","format-standard","has-post-thumbnail","hentry","category-notifadecs"],"_links":{"self":[{"href":"https:\/\/fadeweb.uncoma.edu.ar\/index.php\/wp-json\/wp\/v2\/posts\/25618","targetHints":{"allow":["GET"]}}],"collection":[{"href":"https:\/\/fadeweb.uncoma.edu.ar\/index.php\/wp-json\/wp\/v2\/posts"}],"about":[{"href":"https:\/\/fadeweb.uncoma.edu.ar\/index.php\/wp-json\/wp\/v2\/types\/post"}],"author":[{"embeddable":true,"href":"https:\/\/fadeweb.uncoma.edu.ar\/index.php\/wp-json\/wp\/v2\/users\/4"}],"replies":[{"embeddable":true,"href":"https:\/\/fadeweb.uncoma.edu.ar\/index.php\/wp-json\/wp\/v2\/comments?post=25618"}],"version-history":[{"count":3,"href":"https:\/\/fadeweb.uncoma.edu.ar\/index.php\/wp-json\/wp\/v2\/posts\/25618\/revisions"}],"predecessor-version":[{"id":25627,"href":"https:\/\/fadeweb.uncoma.edu.ar\/index.php\/wp-json\/wp\/v2\/posts\/25618\/revisions\/25627"}],"wp:featuredmedia":[{"embeddable":true,"href":"https:\/\/fadeweb.uncoma.edu.ar\/index.php\/wp-json\/wp\/v2\/media\/25619"}],"wp:attachment":[{"href":"https:\/\/fadeweb.uncoma.edu.ar\/index.php\/wp-json\/wp\/v2\/media?parent=25618"}],"wp:term":[{"taxonomy":"category","embeddable":true,"href":"https:\/\/fadeweb.uncoma.edu.ar\/index.php\/wp-json\/wp\/v2\/categories?post=25618"},{"taxonomy":"post_tag","embeddable":true,"href":"https:\/\/fadeweb.uncoma.edu.ar\/index.php\/wp-json\/wp\/v2\/tags?post=25618"}],"curies":[{"name":"wp","href":"https:\/\/api.w.org\/{rel}","templated":true}]}}