{"id":25612,"date":"2025-06-13T13:45:01","date_gmt":"2025-06-13T16:45:01","guid":{"rendered":"https:\/\/fadeweb.uncoma.edu.ar\/?p=25612"},"modified":"2025-06-13T14:05:49","modified_gmt":"2025-06-13T17:05:49","slug":"esta-abierto-el-llamado-al-programa-de-financiamiento-de-extension-universitaria-para-el-desarrollo-de-rio-negro","status":"publish","type":"post","link":"https:\/\/fadeweb.uncoma.edu.ar\/index.php\/2025\/06\/13\/esta-abierto-el-llamado-al-programa-de-financiamiento-de-extension-universitaria-para-el-desarrollo-de-rio-negro\/","title":{"rendered":"EST\u00c1 ABIERTO EL LLAMADO AL PROGRAMA DE FINANCIAMIENTO DE EXTENSI\u00d3N UNIVERSITARIA PARA EL DESARROLLO DE R\u00cdO NEGRO"},"content":{"rendered":"<p><img fetchpriority=\"high\" decoding=\"async\" class=\"alignnone wp-image-25620\" src=\"https:\/\/fadeweb.uncoma.edu.ar\/wp-content\/uploads\/2025\/06\/PROGRAMA-DE-FINANCIAMIENTO-DE-EXTENSION-UNIVERSITARIA-PARA-EL-DESARROLLO-DE-RIO-NEGRO-fadecs-819x1024.jpg\" alt=\"\" width=\"480\" height=\"600\" srcset=\"https:\/\/fadeweb.uncoma.edu.ar\/wp-content\/uploads\/2025\/06\/PROGRAMA-DE-FINANCIAMIENTO-DE-EXTENSION-UNIVERSITARIA-PARA-EL-DESARROLLO-DE-RIO-NEGRO-fadecs-819x1024.jpg 819w, https:\/\/fadeweb.uncoma.edu.ar\/wp-content\/uploads\/2025\/06\/PROGRAMA-DE-FINANCIAMIENTO-DE-EXTENSION-UNIVERSITARIA-PARA-EL-DESARROLLO-DE-RIO-NEGRO-fadecs-240x300.jpg 240w, https:\/\/fadeweb.uncoma.edu.ar\/wp-content\/uploads\/2025\/06\/PROGRAMA-DE-FINANCIAMIENTO-DE-EXTENSION-UNIVERSITARIA-PARA-EL-DESARROLLO-DE-RIO-NEGRO-fadecs-768x960.jpg 768w, https:\/\/fadeweb.uncoma.edu.ar\/wp-content\/uploads\/2025\/06\/PROGRAMA-DE-FINANCIAMIENTO-DE-EXTENSION-UNIVERSITARIA-PARA-EL-DESARROLLO-DE-RIO-NEGRO-fadecs-1228x1536.jpg 1228w, https:\/\/fadeweb.uncoma.edu.ar\/wp-content\/uploads\/2025\/06\/PROGRAMA-DE-FINANCIAMIENTO-DE-EXTENSION-UNIVERSITARIA-PARA-EL-DESARROLLO-DE-RIO-NEGRO-fadecs-1638x2048.jpg 1638w, https:\/\/fadeweb.uncoma.edu.ar\/wp-content\/uploads\/2025\/06\/PROGRAMA-DE-FINANCIAMIENTO-DE-EXTENSION-UNIVERSITARIA-PARA-EL-DESARROLLO-DE-RIO-NEGRO-fadecs.jpg 2047w\" sizes=\"(max-width: 480px) 100vw, 480px\" \/><\/p>\n<p>El Consejo Provincial de Educaci\u00f3n de R\u00edo Negro aprob\u00f3 el Programa de Financiamiento de Extensi\u00f3n Universitaria para el desarrollo de R\u00edo Negro. La iniciativa dispone la financiaci\u00f3n de proyectos anuales con sumas de hasta quince millones por proyecto, en un \u00fanico desembolso y en modalidad de Aportes No Reintegrables. Los fondos se asignan a cada unidad acad\u00e9mica que surjan del proceso de selecci\u00f3n a cargo del Comit\u00e9 Evaluador, que deber\u00e1n ser utilizados en el marco del Decreto 134\/2010.<\/p>\n<p>El objetivo general del programa es promover la articulaci\u00f3n estrat\u00e9gica entre el Gobierno de la Provincia de R\u00edo Negro y las universidades mediante una l\u00ednea de financiamiento destinada al desarrollo e implementaci\u00f3n de proyectos que fortalezcan la promoci\u00f3n de derechos, la inclusi\u00f3n social y la sostenibilidad territorial.<\/p>\n<p>Las pautas para la presentaci\u00f3n de proyectos establecen que participan de la siguiente convocatoria proyectos actualmente en curso, proyectos que se desarrollaron en alg\u00fan momento desde la universidad y\/o proyectos nuevos. Los mismos deben ser dise\u00f1ados e implementados por equipos integrados por:<br \/>\n\u2022 Estudiantes regulares de Universidades Nacionales con sede en la Provincia. Cada proyecto debe contar con un m\u00ednimo de 10 estudiantes universitarios, pudiendo pertenecer a una o m\u00e1s carreras. Se espera que tanto estudiantes como docentes participen en todas y cada una de las etapas del Proyecto: dise\u00f1o, ejecuci\u00f3n, evaluaci\u00f3n, etc.<br \/>\n\u2022 Docentes, investigadoras\/es y extensionistas de materias afines a las carreras que prosiguen las y los estudiantes. Las y los docentes e investigadoras\/as que participen pueden pertenecer a una o m\u00e1s c\u00e1tedras, departamentos, institutos de las Universidades o equipos de investigaci\u00f3n o extensi\u00f3n.<\/p>\n<p>Los ejes tem\u00e1ticos son: Ambiente y Cambio Clim\u00e1tico, Energ\u00edas y Miner\u00eda, Transformaci\u00f3n Digital e Innovaci\u00f3n, Inteligencia Artificial y Nuevas Tecnolog\u00edas, Reducci\u00f3n de Riesgo de Desastres, Seguridad Alimentaria, Salud Comunitaria, Igualdad Social, G\u00e9nero y Sexualidades, Detecci\u00f3n y Promoci\u00f3n de Vocaciones Cient\u00edficas y T\u00e9cnicas, Educaci\u00f3n STEM (Ciencia, Tecnolog\u00eda, Ingenier\u00eda y Matem\u00e1ticas), y Habilidades Blandas.<\/p>\n<p>La Convocatoria 2025 del Programa de Financiamiento de Extensi\u00f3n Universitaria para el Desarrollo de la Provincia de R\u00edo Negro, fija que la presentaci\u00f3n se realizar\u00e1 en el sitio web del Programa en la p\u00e1gina del Ministerio de Educaci\u00f3n y Derechos Humanos del Gobierno de R\u00edo Negro. All\u00ed encontrar\u00e1 toda la documentaci\u00f3n en formato descargable. Toda la documentaci\u00f3n adjunta debe presentarse en formato pdf, que no supere los 100 MB cada documento.\u00a0Este llamado estar\u00e1 abierto desde el 12 de junio al 12 de julio de 2025.<\/p>\n<p>Importante: se les solicita a los docentes de la FADECS que quieran presentar una propuesta, tengan a bien una vez realizada la misma, informarlo a la Secretar\u00eda de Extensi\u00f3n de la FADECS, mediante correo a <a href=\"mailto:secretaria.extensionfadecs@gmail.com\">secretaria.extensionfadecs@gmail.com<\/a>.\u00a0 <strong>Este llamado estar\u00e1 abierto desde el 12 de junio al 12 de julio de 2025<\/strong>.<\/p>\n<p><a href=\"https:\/\/fadeweb.uncoma.edu.ar\/wp-content\/uploads\/2025\/06\/programa-financiamiento-extension-universitaria.pdf\">programa-financiamiento-extension-universitaria<\/a><\/p>\n","protected":false},"excerpt":{"rendered":"<p>El Consejo Provincial de Educaci\u00f3n de R\u00edo Negro aprob\u00f3 el Programa de Financiamiento de Extensi\u00f3n Universitaria para el desarrollo de R\u00edo Negro. La iniciativa dispone la financiaci\u00f3n de proyectos anuales con sumas de hasta quince millones por proyecto, en un \u00fanico desembolso y en modalidad de Aportes No Reintegrables. Los fondos se asignan a cada [&hellip;]<\/p>\n","protected":false},"author":4,"featured_media":25620,"comment_status":"closed","ping_status":"closed","sticky":false,"template":"","format":"standard","meta":{"footnotes":""},"categories":[5],"tags":[],"class_list":["post-25612","post","type-post","status-publish","format-standard","has-post-thumbnail","hentry","category-notifadecs"],"_links":{"self":[{"href":"https:\/\/fadeweb.uncoma.edu.ar\/index.php\/wp-json\/wp\/v2\/posts\/25612","targetHints":{"allow":["GET"]}}],"collection":[{"href":"https:\/\/fadeweb.uncoma.edu.ar\/index.php\/wp-json\/wp\/v2\/posts"}],"about":[{"href":"https:\/\/fadeweb.uncoma.edu.ar\/index.php\/wp-json\/wp\/v2\/types\/post"}],"author":[{"embeddable":true,"href":"https:\/\/fadeweb.uncoma.edu.ar\/index.php\/wp-json\/wp\/v2\/users\/4"}],"replies":[{"embeddable":true,"href":"https:\/\/fadeweb.uncoma.edu.ar\/index.php\/wp-json\/wp\/v2\/comments?post=25612"}],"version-history":[{"count":4,"href":"https:\/\/fadeweb.uncoma.edu.ar\/index.php\/wp-json\/wp\/v2\/posts\/25612\/revisions"}],"predecessor-version":[{"id":25630,"href":"https:\/\/fadeweb.uncoma.edu.ar\/index.php\/wp-json\/wp\/v2\/posts\/25612\/revisions\/25630"}],"wp:featuredmedia":[{"embeddable":true,"href":"https:\/\/fadeweb.uncoma.edu.ar\/index.php\/wp-json\/wp\/v2\/media\/25620"}],"wp:attachment":[{"href":"https:\/\/fadeweb.uncoma.edu.ar\/index.php\/wp-json\/wp\/v2\/media?parent=25612"}],"wp:term":[{"taxonomy":"category","embeddable":true,"href":"https:\/\/fadeweb.uncoma.edu.ar\/index.php\/wp-json\/wp\/v2\/categories?post=25612"},{"taxonomy":"post_tag","embeddable":true,"href":"https:\/\/fadeweb.uncoma.edu.ar\/index.php\/wp-json\/wp\/v2\/tags?post=25612"}],"curies":[{"name":"wp","href":"https:\/\/api.w.org\/{rel}","templated":true}]}}