{"id":25605,"date":"2025-06-13T11:06:37","date_gmt":"2025-06-13T14:06:37","guid":{"rendered":"https:\/\/fadeweb.uncoma.edu.ar\/?p=25605"},"modified":"2025-06-13T11:06:37","modified_gmt":"2025-06-13T14:06:37","slug":"fadecs-acompana-el-reclamo-de-verdad-y-justicia-por-sergio-avalos","status":"publish","type":"post","link":"https:\/\/fadeweb.uncoma.edu.ar\/index.php\/2025\/06\/13\/fadecs-acompana-el-reclamo-de-verdad-y-justicia-por-sergio-avalos\/","title":{"rendered":"FADECS ACOMPA\u00d1A EL RECLAMO DE VERDAD Y JUSTICIA POR SERGIO \u00c1VALOS"},"content":{"rendered":"<p><img fetchpriority=\"high\" decoding=\"async\" class=\"alignnone wp-image-25606\" src=\"https:\/\/fadeweb.uncoma.edu.ar\/wp-content\/uploads\/2025\/06\/14-de-junio-819x1024.jpeg\" alt=\"FADECS ACOMPA\u00d1A EL RECLAMO DE VERDAD Y JUSTICIA POR SERGIO \u00c1VALOS\" width=\"480\" height=\"600\" srcset=\"https:\/\/fadeweb.uncoma.edu.ar\/wp-content\/uploads\/2025\/06\/14-de-junio-819x1024.jpeg 819w, https:\/\/fadeweb.uncoma.edu.ar\/wp-content\/uploads\/2025\/06\/14-de-junio-240x300.jpeg 240w, https:\/\/fadeweb.uncoma.edu.ar\/wp-content\/uploads\/2025\/06\/14-de-junio-768x960.jpeg 768w, https:\/\/fadeweb.uncoma.edu.ar\/wp-content\/uploads\/2025\/06\/14-de-junio.jpeg 1080w\" sizes=\"(max-width: 480px) 100vw, 480px\" \/><\/p>\n<p>A 22 a\u00f1os de la desaparici\u00f3n de Sergio \u00c1valos (ocurrida el 14 de junio del 2003), este viernes 13 de junio a las 17 horas se realizar\u00e1 una concentraci\u00f3n en el play\u00f3n de la Universidad Nacional del Comahue, desde donde partir\u00e1 la movilizaci\u00f3n, a partir de las 17:30, en reclamo de justicia. La convocatoria de la Facultad de Econom\u00eda y Administraci\u00f3n de la UNCo est\u00e1 hecha con el pedido de \u00abVerdad y justicia: seguimos exigiendo la aparici\u00f3n con vida de Sergio. Juicio y castigo para los responsables materiales y pol\u00edticos de su desaparici\u00f3n forzada en plena democracia\u00bb.<\/p>\n<p>Las cr\u00f3nicas period\u00edsticas, las declaraciones de testigos, los expedientes judiciales y los procedimientos de los abogados de la familia, permiten establecer que en la desaparici\u00f3n del joven estudiante de primer a\u00f1o de la carrera de Contador P\u00fablico Nacional, estar\u00edan comprometidos el due\u00f1o y el personal de seguridad del local bailable en donde se lo vio por \u00faltima vez, as\u00ed como polic\u00edas, militares y civiles.<\/p>\n<p>La causa est\u00e1 caratulada como desaparici\u00f3n forzada, delito de lesa humanidad que no prescribe y que est\u00e1 penado con prisi\u00f3n perpetua. La convocatoria a sumarse a la movilizaci\u00f3n es abierta a la comunidad universitaria y a la ciudadan\u00eda del Alto Valle de R\u00edo Negro y Neuqu\u00e9n.<\/p>\n","protected":false},"excerpt":{"rendered":"<p>A 22 a\u00f1os de la desaparici\u00f3n de Sergio \u00c1valos (ocurrida el 14 de junio del 2003), este viernes 13 de junio a las 17 horas se realizar\u00e1 una concentraci\u00f3n en el play\u00f3n de la Universidad Nacional del Comahue, desde donde partir\u00e1 la movilizaci\u00f3n, a partir de las 17:30, en reclamo de justicia. La convocatoria de [&hellip;]<\/p>\n","protected":false},"author":4,"featured_media":25606,"comment_status":"closed","ping_status":"closed","sticky":false,"template":"","format":"standard","meta":{"footnotes":""},"categories":[5],"tags":[],"class_list":["post-25605","post","type-post","status-publish","format-standard","has-post-thumbnail","hentry","category-notifadecs"],"_links":{"self":[{"href":"https:\/\/fadeweb.uncoma.edu.ar\/index.php\/wp-json\/wp\/v2\/posts\/25605","targetHints":{"allow":["GET"]}}],"collection":[{"href":"https:\/\/fadeweb.uncoma.edu.ar\/index.php\/wp-json\/wp\/v2\/posts"}],"about":[{"href":"https:\/\/fadeweb.uncoma.edu.ar\/index.php\/wp-json\/wp\/v2\/types\/post"}],"author":[{"embeddable":true,"href":"https:\/\/fadeweb.uncoma.edu.ar\/index.php\/wp-json\/wp\/v2\/users\/4"}],"replies":[{"embeddable":true,"href":"https:\/\/fadeweb.uncoma.edu.ar\/index.php\/wp-json\/wp\/v2\/comments?post=25605"}],"version-history":[{"count":1,"href":"https:\/\/fadeweb.uncoma.edu.ar\/index.php\/wp-json\/wp\/v2\/posts\/25605\/revisions"}],"predecessor-version":[{"id":25607,"href":"https:\/\/fadeweb.uncoma.edu.ar\/index.php\/wp-json\/wp\/v2\/posts\/25605\/revisions\/25607"}],"wp:featuredmedia":[{"embeddable":true,"href":"https:\/\/fadeweb.uncoma.edu.ar\/index.php\/wp-json\/wp\/v2\/media\/25606"}],"wp:attachment":[{"href":"https:\/\/fadeweb.uncoma.edu.ar\/index.php\/wp-json\/wp\/v2\/media?parent=25605"}],"wp:term":[{"taxonomy":"category","embeddable":true,"href":"https:\/\/fadeweb.uncoma.edu.ar\/index.php\/wp-json\/wp\/v2\/categories?post=25605"},{"taxonomy":"post_tag","embeddable":true,"href":"https:\/\/fadeweb.uncoma.edu.ar\/index.php\/wp-json\/wp\/v2\/tags?post=25605"}],"curies":[{"name":"wp","href":"https:\/\/api.w.org\/{rel}","templated":true}]}}