{"id":25482,"date":"2025-06-05T12:14:57","date_gmt":"2025-06-05T15:14:57","guid":{"rendered":"https:\/\/fadeweb.uncoma.edu.ar\/?p=25482"},"modified":"2025-06-05T12:14:57","modified_gmt":"2025-06-05T15:14:57","slug":"acto-conmemorativo-semana-de-la-memoria-en-la-unco","status":"publish","type":"post","link":"https:\/\/fadeweb.uncoma.edu.ar\/index.php\/2025\/06\/05\/acto-conmemorativo-semana-de-la-memoria-en-la-unco\/","title":{"rendered":"ACTO CONMEMORATIVO SEMANA DE LA MEMORIA EN LA UNCO"},"content":{"rendered":"<p><img fetchpriority=\"high\" decoding=\"async\" class=\"alignnone wp-image-25483\" src=\"https:\/\/fadeweb.uncoma.edu.ar\/wp-content\/uploads\/2025\/06\/SEMANA-DE-LA-MEMORIA-819x1024.jpg\" alt=\"ACTO CONMEMORATIVO SEMANA DE LA MEMORIA EN LA UNCO\" width=\"480\" height=\"600\" srcset=\"https:\/\/fadeweb.uncoma.edu.ar\/wp-content\/uploads\/2025\/06\/SEMANA-DE-LA-MEMORIA-819x1024.jpg 819w, https:\/\/fadeweb.uncoma.edu.ar\/wp-content\/uploads\/2025\/06\/SEMANA-DE-LA-MEMORIA-240x300.jpg 240w, https:\/\/fadeweb.uncoma.edu.ar\/wp-content\/uploads\/2025\/06\/SEMANA-DE-LA-MEMORIA-768x960.jpg 768w, https:\/\/fadeweb.uncoma.edu.ar\/wp-content\/uploads\/2025\/06\/SEMANA-DE-LA-MEMORIA.jpg 1080w\" sizes=\"(max-width: 480px) 100vw, 480px\" \/><\/p>\n<p>El Departamento de Trabajo Social, M\u00f3dulo Neuqu\u00e9n, de la FADECS-UNCo convoca al acto conmemorativo Semana de la Memoria \u00ab49 a\u00f1os de la Detenci\u00f3n y Desaparici\u00f3n de Estudiantes y Docentes de Trabajo Social\u00bb, a realizarse el jueves 12 de junio a las 17:30 en el M\u00f3dulo de Trabajo Social, en Buenos Aires 1400 de la ciudad de Neuqu\u00e9n.<\/p>\n<p>Al encuentro asistir\u00e1n compa\u00f1eras sobrevivientes ( Gladis Sep\u00falveda, Elida Sifuentes y Nora Rivera) y familiares de Susana Mujica, Arlene Seguel, Cecilia Vecchi, H\u00e9ctor Campos, Luis Frum y Mirta Tronelli (integrantes de la carrera de Trabajo Social de la UNCo, detenidas durante la semana del 9 al 12 de junio de 1976 y desde entonces desaparecidas).<\/p>\n<p>Est\u00e1 prevista una Radio Abierta en el pasillo de Trabajo Social a las 16.30, y a las 18:30, en el aula N\u00b0 17 de Trabajo Social, se proyectar\u00e1 el cortometraje \u201cCamino de Regreso\u201d. El audiovisual invita a emprender un viaje de regreso a ese sitio donde Dora Seguel fue liberada, un viaje por sus recuerdos y sus sensaciones. Dora es la \u00fanica sobreviviente de las tres hermanas Seguel.<\/p>\n<p>La jornada es organizada por el Departamento de Trabajo Social, M\u00f3dulo Neuqu\u00e9n, de la FADECS-UNCo, y cuenta con la adhesi\u00f3n del Colegio Profesional de Trabajo Social del Neuqu\u00e9n, el Centro de Estudiantes de Trabajo Social, M\u00f3dulo Neuqu\u00e9n (CETRASO), la ATTTA Neuqu\u00e9n (Asociaci\u00f3n de Travestis, Transexuales y Transg\u00e9neros de Argentina), y la Asamblea Permanente por los Derechos Humanos (APDH Neuqu\u00e9n).<\/p>\n<p>En \u00e9ste contexto de ajuste, represi\u00f3n y de negacionismo por parte del gobierno de Milei decimos con fuerza \u00a1fueron 30.400 y fue genocidio! Seguimos luchando por MEMORIA, VERDAD Y JUSTICIA<\/p>\n","protected":false},"excerpt":{"rendered":"<p>El Departamento de Trabajo Social, M\u00f3dulo Neuqu\u00e9n, de la FADECS-UNCo convoca al acto conmemorativo Semana de la Memoria \u00ab49 a\u00f1os de la Detenci\u00f3n y Desaparici\u00f3n de Estudiantes y Docentes de Trabajo Social\u00bb, a realizarse el jueves 12 de junio a las 17:30 en el M\u00f3dulo de Trabajo Social, en Buenos Aires 1400 de la ciudad [&hellip;]<\/p>\n","protected":false},"author":4,"featured_media":25483,"comment_status":"closed","ping_status":"closed","sticky":false,"template":"","format":"standard","meta":{"footnotes":""},"categories":[5,1],"tags":[],"class_list":["post-25482","post","type-post","status-publish","format-standard","has-post-thumbnail","hentry","category-notifadecs","category-sin-categoria"],"_links":{"self":[{"href":"https:\/\/fadeweb.uncoma.edu.ar\/index.php\/wp-json\/wp\/v2\/posts\/25482","targetHints":{"allow":["GET"]}}],"collection":[{"href":"https:\/\/fadeweb.uncoma.edu.ar\/index.php\/wp-json\/wp\/v2\/posts"}],"about":[{"href":"https:\/\/fadeweb.uncoma.edu.ar\/index.php\/wp-json\/wp\/v2\/types\/post"}],"author":[{"embeddable":true,"href":"https:\/\/fadeweb.uncoma.edu.ar\/index.php\/wp-json\/wp\/v2\/users\/4"}],"replies":[{"embeddable":true,"href":"https:\/\/fadeweb.uncoma.edu.ar\/index.php\/wp-json\/wp\/v2\/comments?post=25482"}],"version-history":[{"count":2,"href":"https:\/\/fadeweb.uncoma.edu.ar\/index.php\/wp-json\/wp\/v2\/posts\/25482\/revisions"}],"predecessor-version":[{"id":25495,"href":"https:\/\/fadeweb.uncoma.edu.ar\/index.php\/wp-json\/wp\/v2\/posts\/25482\/revisions\/25495"}],"wp:featuredmedia":[{"embeddable":true,"href":"https:\/\/fadeweb.uncoma.edu.ar\/index.php\/wp-json\/wp\/v2\/media\/25483"}],"wp:attachment":[{"href":"https:\/\/fadeweb.uncoma.edu.ar\/index.php\/wp-json\/wp\/v2\/media?parent=25482"}],"wp:term":[{"taxonomy":"category","embeddable":true,"href":"https:\/\/fadeweb.uncoma.edu.ar\/index.php\/wp-json\/wp\/v2\/categories?post=25482"},{"taxonomy":"post_tag","embeddable":true,"href":"https:\/\/fadeweb.uncoma.edu.ar\/index.php\/wp-json\/wp\/v2\/tags?post=25482"}],"curies":[{"name":"wp","href":"https:\/\/api.w.org\/{rel}","templated":true}]}}