{"id":25473,"date":"2025-06-04T13:14:20","date_gmt":"2025-06-04T16:14:20","guid":{"rendered":"https:\/\/fadeweb.uncoma.edu.ar\/?p=25473"},"modified":"2025-06-06T13:22:26","modified_gmt":"2025-06-06T16:22:26","slug":"rio-negro-declaro-de-interes-a-diplomatura-de-la-fadecs","status":"publish","type":"post","link":"https:\/\/fadeweb.uncoma.edu.ar\/index.php\/2025\/06\/04\/rio-negro-declaro-de-interes-a-diplomatura-de-la-fadecs\/","title":{"rendered":"R\u00cdO NEGRO DECLAR\u00d3 DE INTER\u00c9S A DIPLOMATURA DE LA FADECS"},"content":{"rendered":"<p><img fetchpriority=\"high\" decoding=\"async\" class=\"alignnone size-full wp-image-25474\" src=\"https:\/\/fadeweb.uncoma.edu.ar\/wp-content\/uploads\/2025\/06\/ia-copia.jpg\" alt=\"https:\/\/fadeweb.uncoma.edu.ar\/index.php\/2025\/05\/20\/comenzo-la-diplomatura-en-legal-tech-e-ia\/\" width=\"558\" height=\"435\" srcset=\"https:\/\/fadeweb.uncoma.edu.ar\/wp-content\/uploads\/2025\/06\/ia-copia.jpg 558w, https:\/\/fadeweb.uncoma.edu.ar\/wp-content\/uploads\/2025\/06\/ia-copia-300x234.jpg 300w\" sizes=\"(max-width: 558px) 100vw, 558px\" \/><\/p>\n<p>La Legislatura de la Provincia de R\u00edo Negro declar\u00f3 \u00abde inter\u00e9s jur\u00eddico, acad\u00e9mico y educativo a la \u201cDiplomatura de Posgrado en Legaltech e Inteligencia Artificial\u201d organizada en conjunto por la Facultad de Derecho y Ciencias Sociales de la Universidad Nacional del Comahue y el Colegio de Abogados y Procuradores de Neuqu\u00e9n, cuyo dictado tuvo inicio el 14 de mayo de 2025, con modalidad de cursada virtual y presencial\u00bb (Declaraci\u00f3n N\u00ba 310\/2025).<\/p>\n<p><a href=\"https:\/\/compartir.fadecs.uncoma.edu.ar\/public\/48f902\">Click aqu\u00ed para ver el acta de declaraci\u00f3n 310\/2025<\/a><\/p>\n<p><a href=\"https:\/\/fadeweb.uncoma.edu.ar\/index.php\/2025\/05\/20\/comenzo-la-diplomatura-en-legal-tech-e-ia\/\"><strong>M\u00e1s informaci\u00f3n<\/strong><\/a>.<\/p>\n","protected":false},"excerpt":{"rendered":"<p>La Legislatura de la Provincia de R\u00edo Negro declar\u00f3 \u00abde inter\u00e9s jur\u00eddico, acad\u00e9mico y educativo a la \u201cDiplomatura de Posgrado en Legaltech e Inteligencia Artificial\u201d organizada en conjunto por la Facultad de Derecho y Ciencias Sociales de la Universidad Nacional del Comahue y el Colegio de Abogados y Procuradores de Neuqu\u00e9n, cuyo dictado tuvo inicio [&hellip;]<\/p>\n","protected":false},"author":4,"featured_media":25474,"comment_status":"closed","ping_status":"closed","sticky":false,"template":"","format":"standard","meta":{"footnotes":""},"categories":[5,78],"tags":[],"class_list":["post-25473","post","type-post","status-publish","format-standard","has-post-thumbnail","hentry","category-notifadecs","category-posgrado"],"_links":{"self":[{"href":"https:\/\/fadeweb.uncoma.edu.ar\/index.php\/wp-json\/wp\/v2\/posts\/25473","targetHints":{"allow":["GET"]}}],"collection":[{"href":"https:\/\/fadeweb.uncoma.edu.ar\/index.php\/wp-json\/wp\/v2\/posts"}],"about":[{"href":"https:\/\/fadeweb.uncoma.edu.ar\/index.php\/wp-json\/wp\/v2\/types\/post"}],"author":[{"embeddable":true,"href":"https:\/\/fadeweb.uncoma.edu.ar\/index.php\/wp-json\/wp\/v2\/users\/4"}],"replies":[{"embeddable":true,"href":"https:\/\/fadeweb.uncoma.edu.ar\/index.php\/wp-json\/wp\/v2\/comments?post=25473"}],"version-history":[{"count":2,"href":"https:\/\/fadeweb.uncoma.edu.ar\/index.php\/wp-json\/wp\/v2\/posts\/25473\/revisions"}],"predecessor-version":[{"id":25520,"href":"https:\/\/fadeweb.uncoma.edu.ar\/index.php\/wp-json\/wp\/v2\/posts\/25473\/revisions\/25520"}],"wp:featuredmedia":[{"embeddable":true,"href":"https:\/\/fadeweb.uncoma.edu.ar\/index.php\/wp-json\/wp\/v2\/media\/25474"}],"wp:attachment":[{"href":"https:\/\/fadeweb.uncoma.edu.ar\/index.php\/wp-json\/wp\/v2\/media?parent=25473"}],"wp:term":[{"taxonomy":"category","embeddable":true,"href":"https:\/\/fadeweb.uncoma.edu.ar\/index.php\/wp-json\/wp\/v2\/categories?post=25473"},{"taxonomy":"post_tag","embeddable":true,"href":"https:\/\/fadeweb.uncoma.edu.ar\/index.php\/wp-json\/wp\/v2\/tags?post=25473"}],"curies":[{"name":"wp","href":"https:\/\/api.w.org\/{rel}","templated":true}]}}