{"id":25426,"date":"2025-05-30T12:22:02","date_gmt":"2025-05-30T15:22:02","guid":{"rendered":"https:\/\/fadeweb.uncoma.edu.ar\/?p=25426"},"modified":"2025-05-30T12:22:02","modified_gmt":"2025-05-30T15:22:02","slug":"semana-de-la-vinculacion-tecnologica-en-la-unco","status":"publish","type":"post","link":"https:\/\/fadeweb.uncoma.edu.ar\/index.php\/2025\/05\/30\/semana-de-la-vinculacion-tecnologica-en-la-unco\/","title":{"rendered":"SEMANA DE LA VINCULACI\u00d3N TECNOL\u00d3GICA EN LA UNCO"},"content":{"rendered":"<p><img fetchpriority=\"high\" decoding=\"async\" class=\"alignnone wp-image-25427\" src=\"https:\/\/fadeweb.uncoma.edu.ar\/wp-content\/uploads\/2025\/05\/Semana_Vinculacion-819x1024.png\" alt=\"SEMANA DE LA VINCULACI\u00d3N TECNOL\u00d3GICA EN LA UNCO\" width=\"480\" height=\"600\" srcset=\"https:\/\/fadeweb.uncoma.edu.ar\/wp-content\/uploads\/2025\/05\/Semana_Vinculacion-819x1024.png 819w, https:\/\/fadeweb.uncoma.edu.ar\/wp-content\/uploads\/2025\/05\/Semana_Vinculacion-240x300.png 240w, https:\/\/fadeweb.uncoma.edu.ar\/wp-content\/uploads\/2025\/05\/Semana_Vinculacion-768x960.png 768w, https:\/\/fadeweb.uncoma.edu.ar\/wp-content\/uploads\/2025\/05\/Semana_Vinculacion.png 1080w\" sizes=\"(max-width: 480px) 100vw, 480px\" \/><\/p>\n<p>La Subsecretar\u00eda de Vinculaci\u00f3n y Transferencia Tecnol\u00f3gica del Rectorado de la UNCo realizar\u00e1 dos webinars para conmemorar la semana de la Vinculaci\u00f3n Tecnol\u00f3gica. Ambos ser\u00e1n a trav\u00e9s de la plataforma Zoom, con transmisi\u00f3n en simult\u00e1neo por YouTube. Los interesados en participar tendr\u00e1n habilitado un sitio web donde podr\u00e1n inscribirse y tambi\u00e9n contar con toda la informaci\u00f3n de cada actividad.<\/p>\n<p><strong>El programa es el siguiente:<\/strong><\/p>\n<p><strong>Conversatorio:<\/strong> \u201cVinculaci\u00f3n Tecnol\u00f3gica en la Universidad Nacional del Comahue\u201d, <strong>jueves 5 de junio, de 14:00 a 16:00, por Zoom<\/strong>.<\/p>\n<p>Te invitamos a dialogar y compartir perspectivas y experiencias que aporten a la construcci\u00f3n del cuerpo de ideas que atraviesa a la funci\u00f3n de Vinculaci\u00f3n Tecnol\u00f3gica en la Universidad Nacional del Comahue.<\/p>\n<p><strong>Momento 1:<\/strong><br \/>\n\u201cLa Funci\u00f3n de Vinculaci\u00f3n Tecnol\u00f3gica en el nuevo estatuto y en la propuesta de estructura org\u00e1nica funcional de UNCo\u201d.<br \/>\nVictoria Alfonso, Secretaria del Consejo Superior UNCo.<br \/>\nChristian Lopes, Secretario de Planeamiento y Desarrollo Institucional UNCo.<\/p>\n<p><strong>Momento 2:<\/strong><br \/>\n\u201cDesaf\u00edos y oportunidades para la vinculaci\u00f3n y transferencia tecnol\u00f3gica, la mirada desde las unidades acad\u00e9micas\u201d.<br \/>\nMarisa Fern\u00e1ndez, Secretaria de Ciencia, T\u00e9cnica y Vinculaci\u00f3n del Centro Regional Bariloche.<br \/>\nPatricia Morales, Vicedecana y Secretaria de Extensi\u00f3n de la Facultad de Econom\u00eda y Administraci\u00f3n.<br \/>\nVer\u00f3nica Carbone, Secretar\u00eda de Ciencia, T\u00e9cnica e Innovaci\u00f3n del Centro Regional San Mart\u00edn de los Andes.<\/p>\n<p><strong>Modera:<\/strong><br \/>\nLuciano Coppis, Subsecretario de Vinculaci\u00f3n y Transferencia Tecnol\u00f3gica.<\/p>\n<p><strong>Inscripci\u00f3n en:<\/strong> <a href=\"https:\/\/lu.ma\/2w99ttx5\">https:\/\/lu.ma\/2w99ttx5<\/a><br \/>\nTambi\u00e9n podes seguirlo en vivo en YouTube <a href=\"https:\/\/www.youtube.com\/@vinculacionytransferenciaUNCo\">https:\/\/www.youtube.com\/@vinculacionytransferenciaUNCo<\/a><\/p>\n<p><strong>Seminario:<\/strong> \u201cTransferencia de resultados de la investigaci\u00f3n: Valorizaci\u00f3n y Protecci\u00f3n Intelectual\u201d, <strong>mi\u00e9rcoles 11 de junio, de 9:30 a 11:30, por Zoom.<\/strong><\/p>\n<p>Identificar, valorizar y transferir resultados generados en el marco de proyectos de investigaci\u00f3n y\/o iniciativas de gesti\u00f3n del conocimiento, son desaf\u00edos que nos convocan a pensar nuevos escenarios e instrumentos.<\/p>\n<p>Conoceremos la experiencia de la Universidad Nacional de C\u00f3rdoba en an\u00e1lisis de la potencialidad de transferencia al sector socio productivo y\/o social de los resultados de investigaci\u00f3n generados por los diversos grupos. Nos compartir\u00e1n sobre tendencias, buenas pr\u00e1cticas, esquemas de trabajo e iniciativas nuevas.<\/p>\n<p>Tambi\u00e9n abordaremos cu\u00e1les son los mecanismos e instrumentos para la protecci\u00f3n de la propiedad intelectual de la producci\u00f3n cient\u00edfica en el \u00e1mbito universitario, orientado a los derechos de autor sobre productos como procedimientos, protocolos, manuales y\/o desarrollos metodol\u00f3gicos.<\/p>\n<p>Conoceremos la experiencia de la Oficina de Propiedad Intelectual de la Direcci\u00f3n de Transferencia Cient\u00edfica y Tecnol\u00f3gica, dependiente del Instituto de Extensi\u00f3n de la Universidad Nacional de Villa Mar\u00eda.<\/p>\n<p><strong>AGENDA:<\/strong><br \/>\nApertura: Saludo Autoridades.<\/p>\n<hr \/>\n<p><strong>\u201cExperiencia del Programa de Valorizaci\u00f3n del Conocimiento\u201d<\/strong><br \/>\nEsp. Marta Plasencia, Coordinadora de Oficina de Vigilancia Tecnol\u00f3gica e Inteligencia Estrat\u00e9gica y Financiamientos. Universidad Nacional de C\u00f3rdoba.<\/p>\n<hr \/>\n<p><strong>\u201cPropiedad Intelectual y derechos de autor\u201d<\/strong><br \/>\nMgter. Ariel Gustavo Giordano, Referente de la Oficina de Propiedad Intelectual de la Direcci\u00f3n de Transferencia Cient\u00edfica y Tecnol\u00f3gica, Universidad Nacional de Villa Mar\u00eda.<\/p>\n<p><strong>Modera:<\/strong> Luciano Coppis, Subsecretario de Vinculaci\u00f3n y Transferencia UNCo.<\/p>\n<p><strong>Inscripci\u00f3n:<\/strong> <a href=\"https:\/\/lu.ma\/6njoigsh\">https:\/\/lu.ma\/6njoigsh<\/a><br \/>\nSegu\u00ed en vivo en: YouTube https:\/\/www.youtube.com\/@vinculacionytransferenciaUNCo<\/p>\n","protected":false},"excerpt":{"rendered":"<p>La Subsecretar\u00eda de Vinculaci\u00f3n y Transferencia Tecnol\u00f3gica del Rectorado de la UNCo realizar\u00e1 dos webinars para conmemorar la semana de la Vinculaci\u00f3n Tecnol\u00f3gica. Ambos ser\u00e1n a trav\u00e9s de la plataforma Zoom, con transmisi\u00f3n en simult\u00e1neo por YouTube. Los interesados en participar tendr\u00e1n habilitado un sitio web donde podr\u00e1n inscribirse y tambi\u00e9n contar con toda la [&hellip;]<\/p>\n","protected":false},"author":4,"featured_media":25427,"comment_status":"closed","ping_status":"closed","sticky":false,"template":"","format":"standard","meta":{"footnotes":""},"categories":[5],"tags":[],"class_list":["post-25426","post","type-post","status-publish","format-standard","has-post-thumbnail","hentry","category-notifadecs"],"_links":{"self":[{"href":"https:\/\/fadeweb.uncoma.edu.ar\/index.php\/wp-json\/wp\/v2\/posts\/25426","targetHints":{"allow":["GET"]}}],"collection":[{"href":"https:\/\/fadeweb.uncoma.edu.ar\/index.php\/wp-json\/wp\/v2\/posts"}],"about":[{"href":"https:\/\/fadeweb.uncoma.edu.ar\/index.php\/wp-json\/wp\/v2\/types\/post"}],"author":[{"embeddable":true,"href":"https:\/\/fadeweb.uncoma.edu.ar\/index.php\/wp-json\/wp\/v2\/users\/4"}],"replies":[{"embeddable":true,"href":"https:\/\/fadeweb.uncoma.edu.ar\/index.php\/wp-json\/wp\/v2\/comments?post=25426"}],"version-history":[{"count":1,"href":"https:\/\/fadeweb.uncoma.edu.ar\/index.php\/wp-json\/wp\/v2\/posts\/25426\/revisions"}],"predecessor-version":[{"id":25428,"href":"https:\/\/fadeweb.uncoma.edu.ar\/index.php\/wp-json\/wp\/v2\/posts\/25426\/revisions\/25428"}],"wp:featuredmedia":[{"embeddable":true,"href":"https:\/\/fadeweb.uncoma.edu.ar\/index.php\/wp-json\/wp\/v2\/media\/25427"}],"wp:attachment":[{"href":"https:\/\/fadeweb.uncoma.edu.ar\/index.php\/wp-json\/wp\/v2\/media?parent=25426"}],"wp:term":[{"taxonomy":"category","embeddable":true,"href":"https:\/\/fadeweb.uncoma.edu.ar\/index.php\/wp-json\/wp\/v2\/categories?post=25426"},{"taxonomy":"post_tag","embeddable":true,"href":"https:\/\/fadeweb.uncoma.edu.ar\/index.php\/wp-json\/wp\/v2\/tags?post=25426"}],"curies":[{"name":"wp","href":"https:\/\/api.w.org\/{rel}","templated":true}]}}