{"id":25378,"date":"2025-05-26T13:43:33","date_gmt":"2025-05-26T16:43:33","guid":{"rendered":"https:\/\/fadeweb.uncoma.edu.ar\/?p=25378"},"modified":"2025-05-30T11:47:29","modified_gmt":"2025-05-30T14:47:29","slug":"jornadas-10-anos-de-ni-una-menos-impactos-en-el-derecho-2","status":"publish","type":"post","link":"https:\/\/fadeweb.uncoma.edu.ar\/index.php\/2025\/05\/26\/jornadas-10-anos-de-ni-una-menos-impactos-en-el-derecho-2\/","title":{"rendered":"JORNADAS \u201c10 A\u00d1OS DE NI UNA MENOS: IMPACTOS EN EL DERECHO\u201d"},"content":{"rendered":"<p><img fetchpriority=\"high\" decoding=\"async\" class=\"alignnone wp-image-25379\" src=\"https:\/\/fadeweb.uncoma.edu.ar\/wp-content\/uploads\/2025\/05\/10-anos-de-Ni-Una-Menos-conferencia0-819x1024.jpg\" alt=\"JORNADAS \u201c10 A\u00d1OS DE NI UNA MENOS: IMPACTOS EN EL DERECHO\u201d\" width=\"480\" height=\"600\" srcset=\"https:\/\/fadeweb.uncoma.edu.ar\/wp-content\/uploads\/2025\/05\/10-anos-de-Ni-Una-Menos-conferencia0-819x1024.jpg 819w, https:\/\/fadeweb.uncoma.edu.ar\/wp-content\/uploads\/2025\/05\/10-anos-de-Ni-Una-Menos-conferencia0-240x300.jpg 240w, https:\/\/fadeweb.uncoma.edu.ar\/wp-content\/uploads\/2025\/05\/10-anos-de-Ni-Una-Menos-conferencia0-768x960.jpg 768w, https:\/\/fadeweb.uncoma.edu.ar\/wp-content\/uploads\/2025\/05\/10-anos-de-Ni-Una-Menos-conferencia0.jpg 1080w\" sizes=\"(max-width: 480px) 100vw, 480px\" \/><\/p>\n<p><strong>La conferencia de cierre de las Jornadas va a estar a cargo de Laura Cl\u00e9rico.<\/strong><\/p>\n<p>Laura Cl\u00e9rico es Abogada (UBA), Magister Legum (Uni. Kiel) y Doctora (Univ. Kiel). Investigadora del CONICET, Profesora de la Universidad de Buenos Aires y fue distinguida con el t\u00edtulo de Profesora Honoraria de la Friedrich Alexander Universit\u00e4t en Erlangen N\u00fcrnberg, Alemania. Es directora del Programa \u201cG\u00e9nero y Derecho\u201d de la Facultad de Derecho de la UBA.<\/p>\n<p><a href=\"https:\/\/fadeweb.uncoma.edu.ar\/wp-content\/uploads\/2025\/05\/PROGRAMA-10-anos-de-Ni-Una-Menos.pdf\">PROGRAMA 10 a\u00f1os de Ni Una Menos<\/a><\/p>\n","protected":false},"excerpt":{"rendered":"<p>La conferencia de cierre de las Jornadas va a estar a cargo de Laura Cl\u00e9rico. Laura Cl\u00e9rico es Abogada (UBA), Magister Legum (Uni. Kiel) y Doctora (Univ. Kiel). Investigadora del CONICET, Profesora de la Universidad de Buenos Aires y fue distinguida con el t\u00edtulo de Profesora Honoraria de la Friedrich Alexander Universit\u00e4t en Erlangen N\u00fcrnberg, [&hellip;]<\/p>\n","protected":false},"author":4,"featured_media":25379,"comment_status":"closed","ping_status":"closed","sticky":false,"template":"","format":"standard","meta":{"footnotes":""},"categories":[5],"tags":[],"class_list":["post-25378","post","type-post","status-publish","format-standard","has-post-thumbnail","hentry","category-notifadecs"],"_links":{"self":[{"href":"https:\/\/fadeweb.uncoma.edu.ar\/index.php\/wp-json\/wp\/v2\/posts\/25378","targetHints":{"allow":["GET"]}}],"collection":[{"href":"https:\/\/fadeweb.uncoma.edu.ar\/index.php\/wp-json\/wp\/v2\/posts"}],"about":[{"href":"https:\/\/fadeweb.uncoma.edu.ar\/index.php\/wp-json\/wp\/v2\/types\/post"}],"author":[{"embeddable":true,"href":"https:\/\/fadeweb.uncoma.edu.ar\/index.php\/wp-json\/wp\/v2\/users\/4"}],"replies":[{"embeddable":true,"href":"https:\/\/fadeweb.uncoma.edu.ar\/index.php\/wp-json\/wp\/v2\/comments?post=25378"}],"version-history":[{"count":2,"href":"https:\/\/fadeweb.uncoma.edu.ar\/index.php\/wp-json\/wp\/v2\/posts\/25378\/revisions"}],"predecessor-version":[{"id":25424,"href":"https:\/\/fadeweb.uncoma.edu.ar\/index.php\/wp-json\/wp\/v2\/posts\/25378\/revisions\/25424"}],"wp:featuredmedia":[{"embeddable":true,"href":"https:\/\/fadeweb.uncoma.edu.ar\/index.php\/wp-json\/wp\/v2\/media\/25379"}],"wp:attachment":[{"href":"https:\/\/fadeweb.uncoma.edu.ar\/index.php\/wp-json\/wp\/v2\/media?parent=25378"}],"wp:term":[{"taxonomy":"category","embeddable":true,"href":"https:\/\/fadeweb.uncoma.edu.ar\/index.php\/wp-json\/wp\/v2\/categories?post=25378"},{"taxonomy":"post_tag","embeddable":true,"href":"https:\/\/fadeweb.uncoma.edu.ar\/index.php\/wp-json\/wp\/v2\/tags?post=25378"}],"curies":[{"name":"wp","href":"https:\/\/api.w.org\/{rel}","templated":true}]}}