{"id":25345,"date":"2025-05-20T13:51:31","date_gmt":"2025-05-20T16:51:31","guid":{"rendered":"https:\/\/fadeweb.uncoma.edu.ar\/?p=25345"},"modified":"2025-05-20T13:51:31","modified_gmt":"2025-05-20T16:51:31","slug":"160o-acto-academico-de-colacion-de-grado-y-de-posgrado-en-la-fadecs-unco","status":"publish","type":"post","link":"https:\/\/fadeweb.uncoma.edu.ar\/index.php\/2025\/05\/20\/160o-acto-academico-de-colacion-de-grado-y-de-posgrado-en-la-fadecs-unco\/","title":{"rendered":"160\u00ba ACTO ACAD\u00c9MICO DE COLACI\u00d3N DE GRADO Y DE POSGRADO EN LA FADECS-UNCO"},"content":{"rendered":"<p><img fetchpriority=\"high\" decoding=\"async\" class=\"alignnone size-large wp-image-25346\" src=\"https:\/\/fadeweb.uncoma.edu.ar\/wp-content\/uploads\/2025\/05\/invitacion-colacion-160-1024x634.jpg\" alt=\"160\u00ba ACTO ACAD\u00c9MICO DE COLACI\u00d3N DE GRADO Y DE POSGRADO EN LA FADECS-UNCO\" width=\"800\" height=\"495\" srcset=\"https:\/\/fadeweb.uncoma.edu.ar\/wp-content\/uploads\/2025\/05\/invitacion-colacion-160-1024x634.jpg 1024w, https:\/\/fadeweb.uncoma.edu.ar\/wp-content\/uploads\/2025\/05\/invitacion-colacion-160-300x186.jpg 300w, https:\/\/fadeweb.uncoma.edu.ar\/wp-content\/uploads\/2025\/05\/invitacion-colacion-160-768x475.jpg 768w, https:\/\/fadeweb.uncoma.edu.ar\/wp-content\/uploads\/2025\/05\/invitacion-colacion-160-1536x950.jpg 1536w, https:\/\/fadeweb.uncoma.edu.ar\/wp-content\/uploads\/2025\/05\/invitacion-colacion-160.jpg 1920w\" sizes=\"(max-width: 800px) 100vw, 800px\" \/><\/p>\n<p>La Facultad de Derecho y Ciencias Sociales de la Universidad Nacional del Comahue informa que el 160\u00ba Acto Acad\u00e9mico de Colaci\u00f3n de Grado y de Posgrado que se llevar\u00e1 a cabo el jueves 19 de junio de 2025 a las 10, en el auditorio de esta casa de estudios.<\/p>\n<p>RECIBIR\u00c1N EL T\u00cdTULO DE GRADO<\/p>\n<p>Por la carrera de Abogac\u00eda: Brenda Romina Berhau, Erika Dianne Biegler, Romina Isabel Carrasco, Claudio Armando Clozza, \u00c1ngel Andr\u00e9s Duarte, Alan Gunckel, Romina Edith Navarrete, Candela Del Pilar Pacheco Huichacura, Franco Antonio Pellegrini, Jean Marie Jos\u00e9 Piazza, Gisela Elizabeth Quadrini, Graciela Bel\u00e9n Rascovich, Luciano Tomas Ruiz Dome\u00f1o, Valentina Peruzzi.<\/p>\n<p>Por la carrera de Licenciatura en Comunicaci\u00f3n Social: Sabrina Desireee Carrew Lesiw, Julieta Cornu Cardell, Manuel Esteban Torres Bravo, Maximiliano Nicolas Arigon.<\/p>\n<p>Por la carrera de Profesorado en Comunicaci\u00f3n Social: Nicol\u00e1s Noe, Tamara Ailen Chazarreta.<\/p>\n<p>Por la carrera de Licenciatura en Servicio Social: Jenifer Mariel Antigual, Maria Cristina Choilaf, Karla Ariadna Flores, Solange Maria Luz Garc\u00eda, Maria Laura Gauna, Lucia Bel\u00e9n Gimenez, Eliana Bel\u00e9n Hueche, Carolina Leal, Maria Agostina Mart\u00ednez, Claudia Bel\u00e9n Molina, Ana Laura Pacheco, Diego Agust\u00edn S\u00e1nchez.<\/p>\n<p>Por la carrera de Licenciatura en Sociolog\u00eda: Cecilia Anahi Mancuso.<\/p>\n<p>RECIBIR\u00c1N EL T\u00cdTULO DE POSGRADO<\/p>\n<p>Por la carrera de Especializaci\u00f3n en Trabajo Social Forense: Lautaro Serrano, Paula Graciela Rodriguez, Pamela Beatriz Pacheco Gui\u00f1azu, Marcela Carina Manglus, Mar\u00eda Laura Klimisch, Mar\u00eda Bel\u00e9n G\u00f3mez, Suyai Lorena Alarcon.<\/p>\n<p>Por la carrera de Especializaci\u00f3n en Derecho Penal y Ciencias Penales: Lucila Maggiora, Karina Edith Battola.<\/p>\n<p>Por la carrera de Especializaci\u00f3n en Derecho Administrativo: Lucia Juliana Virginia Vignoni.<\/p>\n<p>ACTO EN EL AULA MAGNA DE LA UNCO<\/p>\n<p>El 160\u00ba Acto Acad\u00e9mico de Colaci\u00f3n de Grado ser\u00e1 el viernes 6 de junio de 2025 a las 10 en el aula Magna de la UNCo, y recibir\u00e1n su t\u00edtulo por la carrera de Licenciatura en Servicio Social M\u00f3dulo Neuqu\u00e9n, Caren Marlen Benegas, Sabrina Mal\u00e9n Huenten, Karin Ariana P\u00e9rez, Antonio Federico Ruiz Delgado, Agustina Liseth Salamida Jara, Ana Laura Zalazar, Paula Elizabeth Zu\u00f1iga. Y por la carrera de Abogac\u00eda, recibir\u00e1 su t\u00edtulo Franco Antonio Pelegrini.<\/p>\n","protected":false},"excerpt":{"rendered":"<p>La Facultad de Derecho y Ciencias Sociales de la Universidad Nacional del Comahue informa que el 160\u00ba Acto Acad\u00e9mico de Colaci\u00f3n de Grado y de Posgrado que se llevar\u00e1 a cabo el jueves 19 de junio de 2025 a las 10, en el auditorio de esta casa de estudios. RECIBIR\u00c1N EL T\u00cdTULO DE GRADO Por [&hellip;]<\/p>\n","protected":false},"author":4,"featured_media":25346,"comment_status":"closed","ping_status":"closed","sticky":false,"template":"","format":"standard","meta":{"footnotes":""},"categories":[5],"tags":[],"class_list":["post-25345","post","type-post","status-publish","format-standard","has-post-thumbnail","hentry","category-notifadecs"],"_links":{"self":[{"href":"https:\/\/fadeweb.uncoma.edu.ar\/index.php\/wp-json\/wp\/v2\/posts\/25345","targetHints":{"allow":["GET"]}}],"collection":[{"href":"https:\/\/fadeweb.uncoma.edu.ar\/index.php\/wp-json\/wp\/v2\/posts"}],"about":[{"href":"https:\/\/fadeweb.uncoma.edu.ar\/index.php\/wp-json\/wp\/v2\/types\/post"}],"author":[{"embeddable":true,"href":"https:\/\/fadeweb.uncoma.edu.ar\/index.php\/wp-json\/wp\/v2\/users\/4"}],"replies":[{"embeddable":true,"href":"https:\/\/fadeweb.uncoma.edu.ar\/index.php\/wp-json\/wp\/v2\/comments?post=25345"}],"version-history":[{"count":1,"href":"https:\/\/fadeweb.uncoma.edu.ar\/index.php\/wp-json\/wp\/v2\/posts\/25345\/revisions"}],"predecessor-version":[{"id":25347,"href":"https:\/\/fadeweb.uncoma.edu.ar\/index.php\/wp-json\/wp\/v2\/posts\/25345\/revisions\/25347"}],"wp:featuredmedia":[{"embeddable":true,"href":"https:\/\/fadeweb.uncoma.edu.ar\/index.php\/wp-json\/wp\/v2\/media\/25346"}],"wp:attachment":[{"href":"https:\/\/fadeweb.uncoma.edu.ar\/index.php\/wp-json\/wp\/v2\/media?parent=25345"}],"wp:term":[{"taxonomy":"category","embeddable":true,"href":"https:\/\/fadeweb.uncoma.edu.ar\/index.php\/wp-json\/wp\/v2\/categories?post=25345"},{"taxonomy":"post_tag","embeddable":true,"href":"https:\/\/fadeweb.uncoma.edu.ar\/index.php\/wp-json\/wp\/v2\/tags?post=25345"}],"curies":[{"name":"wp","href":"https:\/\/api.w.org\/{rel}","templated":true}]}}