{"id":25338,"date":"2025-05-20T13:33:07","date_gmt":"2025-05-20T16:33:07","guid":{"rendered":"https:\/\/fadeweb.uncoma.edu.ar\/?p=25338"},"modified":"2025-05-20T13:33:07","modified_gmt":"2025-05-20T16:33:07","slug":"exitoso-desarrollo-de-las-jornadas-preparatorias-xvi-congreso-argentino-de-derecho-y-xii-congreso-iberoamericano-de-derecho-societario-y-de-la-empresa","status":"publish","type":"post","link":"https:\/\/fadeweb.uncoma.edu.ar\/index.php\/2025\/05\/20\/exitoso-desarrollo-de-las-jornadas-preparatorias-xvi-congreso-argentino-de-derecho-y-xii-congreso-iberoamericano-de-derecho-societario-y-de-la-empresa\/","title":{"rendered":"EXITOSO DESARROLLO DE LAS JORNADAS PREPARATORIAS XVI CONGRESO ARGENTINO DE DERECHO Y XII CONGRESO IBEROAMERICANO DE DERECHO SOCIETARIO Y DE LA EMPRESA"},"content":{"rendered":"<p><img fetchpriority=\"high\" decoding=\"async\" class=\"alignnone wp-image-25340\" src=\"https:\/\/fadeweb.uncoma.edu.ar\/wp-content\/uploads\/2025\/05\/0-1.jpg\" alt=\"EXITOSO DESARROLLO DE LAS JORNADAS PREPARATORIAS XVI CONGRESO ARGENTINO DE DERECHO Y XII CONGRESO IBEROAMERICANO DE DERECHO SOCIETARIO Y DE LA EMPRESA\" width=\"555\" height=\"450\" srcset=\"https:\/\/fadeweb.uncoma.edu.ar\/wp-content\/uploads\/2025\/05\/0-1.jpg 960w, https:\/\/fadeweb.uncoma.edu.ar\/wp-content\/uploads\/2025\/05\/0-1-300x243.jpg 300w, https:\/\/fadeweb.uncoma.edu.ar\/wp-content\/uploads\/2025\/05\/0-1-768x622.jpg 768w\" sizes=\"(max-width: 555px) 100vw, 555px\" \/> <img decoding=\"async\" class=\"alignnone wp-image-25339\" src=\"https:\/\/fadeweb.uncoma.edu.ar\/wp-content\/uploads\/2025\/05\/1.jpg\" alt=\"EXITOSO DESARROLLO DE LAS JORNADAS PREPARATORIAS XVI CONGRESO ARGENTINO DE DERECHO Y XII CONGRESO IBEROAMERICANO DE DERECHO SOCIETARIO Y DE LA EMPRESA\" width=\"555\" height=\"450\" srcset=\"https:\/\/fadeweb.uncoma.edu.ar\/wp-content\/uploads\/2025\/05\/1.jpg 960w, https:\/\/fadeweb.uncoma.edu.ar\/wp-content\/uploads\/2025\/05\/1-300x243.jpg 300w, https:\/\/fadeweb.uncoma.edu.ar\/wp-content\/uploads\/2025\/05\/1-768x622.jpg 768w\" sizes=\"(max-width: 555px) 100vw, 555px\" \/><\/p>\n<p>Las jornadas de modalidad h\u00edbrida se realizaron el lunes 19 de mayo con un auditorio a pleno de estudiantes, profesores de la casa y profesionales y asistentes en l\u00ednea, bajo la organizaci\u00f3n del Departamento de Derecho Privado de Abogac\u00eda, a cargo de la Dra. Ana Zinkgr\u00e4f. Cabe recordar que cuentan con el auspicio del Colegio de Abogadas y Abogados G. Roca.<\/p>\n<p>Las palabras de apertura de las jornadas estuvieron a cargo del decano Dr. Juan Carlos Fern\u00e1ndez, y de la Dra. Patricia Fern\u00e1ndez de Andreani (FADECS). A continuaci\u00f3n expusieron la Dra. Mar\u00eda Fernanda Cocco (UNC), el Dr. Mart\u00edn Arecha (ex Juez de la CNCom), la Dra. Lucia Spagnolo (UNPAZ), el Dr. Francisco L\u00f3pez Raffo (Universidad Austral), y la Dra. Mariela Garabito (FADECS). El cierre de las exposiciones estuvo a cargo del Dr. Dante Cracogna (prof. Honorario de la UNLPam).<\/p>\n<p>El p\u00fablico se expres\u00f3 con satisfacci\u00f3n por el nivel acad\u00e9mico y las interesantes tem\u00e1ticas abordadas en las exposiciones, en particular sobre la econom\u00eda social con una mirada humanista e inspiradora para nuestros estudiantes, y lo consideraron una marco digno de las jornadas preparatorias para el XII Congreso Iberoamericano de Derecho Societario y de la Empresa, a realizarse en septiembre pr\u00f3ximo en Tucum\u00e1n.<\/p>\n","protected":false},"excerpt":{"rendered":"<p>Las jornadas de modalidad h\u00edbrida se realizaron el lunes 19 de mayo con un auditorio a pleno de estudiantes, profesores de la casa y profesionales y asistentes en l\u00ednea, bajo la organizaci\u00f3n del Departamento de Derecho Privado de Abogac\u00eda, a cargo de la Dra. Ana Zinkgr\u00e4f. Cabe recordar que cuentan con el auspicio del Colegio [&hellip;]<\/p>\n","protected":false},"author":4,"featured_media":25340,"comment_status":"closed","ping_status":"closed","sticky":false,"template":"","format":"standard","meta":{"footnotes":""},"categories":[5],"tags":[],"class_list":["post-25338","post","type-post","status-publish","format-standard","has-post-thumbnail","hentry","category-notifadecs"],"_links":{"self":[{"href":"https:\/\/fadeweb.uncoma.edu.ar\/index.php\/wp-json\/wp\/v2\/posts\/25338","targetHints":{"allow":["GET"]}}],"collection":[{"href":"https:\/\/fadeweb.uncoma.edu.ar\/index.php\/wp-json\/wp\/v2\/posts"}],"about":[{"href":"https:\/\/fadeweb.uncoma.edu.ar\/index.php\/wp-json\/wp\/v2\/types\/post"}],"author":[{"embeddable":true,"href":"https:\/\/fadeweb.uncoma.edu.ar\/index.php\/wp-json\/wp\/v2\/users\/4"}],"replies":[{"embeddable":true,"href":"https:\/\/fadeweb.uncoma.edu.ar\/index.php\/wp-json\/wp\/v2\/comments?post=25338"}],"version-history":[{"count":1,"href":"https:\/\/fadeweb.uncoma.edu.ar\/index.php\/wp-json\/wp\/v2\/posts\/25338\/revisions"}],"predecessor-version":[{"id":25343,"href":"https:\/\/fadeweb.uncoma.edu.ar\/index.php\/wp-json\/wp\/v2\/posts\/25338\/revisions\/25343"}],"wp:featuredmedia":[{"embeddable":true,"href":"https:\/\/fadeweb.uncoma.edu.ar\/index.php\/wp-json\/wp\/v2\/media\/25340"}],"wp:attachment":[{"href":"https:\/\/fadeweb.uncoma.edu.ar\/index.php\/wp-json\/wp\/v2\/media?parent=25338"}],"wp:term":[{"taxonomy":"category","embeddable":true,"href":"https:\/\/fadeweb.uncoma.edu.ar\/index.php\/wp-json\/wp\/v2\/categories?post=25338"},{"taxonomy":"post_tag","embeddable":true,"href":"https:\/\/fadeweb.uncoma.edu.ar\/index.php\/wp-json\/wp\/v2\/tags?post=25338"}],"curies":[{"name":"wp","href":"https:\/\/api.w.org\/{rel}","templated":true}]}}