{"id":25337,"date":"2025-05-20T13:33:19","date_gmt":"2025-05-20T16:33:19","guid":{"rendered":"https:\/\/fadeweb.uncoma.edu.ar\/?p=25337"},"modified":"2025-05-20T13:33:19","modified_gmt":"2025-05-20T16:33:19","slug":"visibilizar-la-violencia-ginecobstetrica-participacion-activa-en-una-sesion-clave-del-concejo-deliberante","status":"publish","type":"post","link":"https:\/\/fadeweb.uncoma.edu.ar\/index.php\/2025\/05\/20\/visibilizar-la-violencia-ginecobstetrica-participacion-activa-en-una-sesion-clave-del-concejo-deliberante\/","title":{"rendered":"VISIBILIZAR LA VIOLENCIA GINECOBST\u00c9TRICA: PARTICIPACI\u00d3N ACTIVA EN UNA SESI\u00d3N CLAVE DEL CONCEJO DELIBERANTE"},"content":{"rendered":"<p><img fetchpriority=\"high\" decoding=\"async\" class=\"alignnone wp-image-25341\" src=\"https:\/\/fadeweb.uncoma.edu.ar\/wp-content\/uploads\/2025\/05\/VIOLENCIA-GINECOBSTETRICA1-1024x1024.jpg\" alt=\"VISIBILIZAR LA VIOLENCIA GINECOBST\u00c9TRICA: PARTICIPACI\u00d3N ACTIVA EN UNA SESI\u00d3N CLAVE DEL CONCEJO DELIBERANTE\" width=\"450\" height=\"450\" srcset=\"https:\/\/fadeweb.uncoma.edu.ar\/wp-content\/uploads\/2025\/05\/VIOLENCIA-GINECOBSTETRICA1-1024x1024.jpg 1024w, https:\/\/fadeweb.uncoma.edu.ar\/wp-content\/uploads\/2025\/05\/VIOLENCIA-GINECOBSTETRICA1-300x300.jpg 300w, https:\/\/fadeweb.uncoma.edu.ar\/wp-content\/uploads\/2025\/05\/VIOLENCIA-GINECOBSTETRICA1-150x150.jpg 150w, https:\/\/fadeweb.uncoma.edu.ar\/wp-content\/uploads\/2025\/05\/VIOLENCIA-GINECOBSTETRICA1-768x768.jpg 768w, https:\/\/fadeweb.uncoma.edu.ar\/wp-content\/uploads\/2025\/05\/VIOLENCIA-GINECOBSTETRICA1-1536x1536.jpg 1536w, https:\/\/fadeweb.uncoma.edu.ar\/wp-content\/uploads\/2025\/05\/VIOLENCIA-GINECOBSTETRICA1-2048x2048.jpg 2048w\" sizes=\"(max-width: 450px) 100vw, 450px\" \/> <img decoding=\"async\" class=\"alignnone wp-image-25342\" src=\"https:\/\/fadeweb.uncoma.edu.ar\/wp-content\/uploads\/2025\/05\/VIOLENCIA-GINECOBSTETRICA4-1024x1024.jpg\" alt=\"VISIBILIZAR LA VIOLENCIA GINECOBST\u00c9TRICA: PARTICIPACI\u00d3N ACTIVA EN UNA SESI\u00d3N CLAVE DEL CONCEJO DELIBERANTE\" width=\"450\" height=\"450\" srcset=\"https:\/\/fadeweb.uncoma.edu.ar\/wp-content\/uploads\/2025\/05\/VIOLENCIA-GINECOBSTETRICA4-1024x1024.jpg 1024w, https:\/\/fadeweb.uncoma.edu.ar\/wp-content\/uploads\/2025\/05\/VIOLENCIA-GINECOBSTETRICA4-300x300.jpg 300w, https:\/\/fadeweb.uncoma.edu.ar\/wp-content\/uploads\/2025\/05\/VIOLENCIA-GINECOBSTETRICA4-150x150.jpg 150w, https:\/\/fadeweb.uncoma.edu.ar\/wp-content\/uploads\/2025\/05\/VIOLENCIA-GINECOBSTETRICA4-768x768.jpg 768w, https:\/\/fadeweb.uncoma.edu.ar\/wp-content\/uploads\/2025\/05\/VIOLENCIA-GINECOBSTETRICA4.jpg 1080w\" sizes=\"(max-width: 450px) 100vw, 450px\" \/><\/p>\n<p>Este martes 20 de mayo, la Secretar\u00eda de Bienestar Estudiantil particip\u00f3 de una importante sesi\u00f3n del Concejo Deliberante, como integrante del Consejo Local de Mujeres Diversas (CLMD). En esta ocasi\u00f3n, se aprob\u00f3 una Ordenanza destinada a visibilizar y concientizar la problem\u00e1tica de la violencia ginecobst\u00e9trica.<\/p>\n<p>Durante la sesi\u00f3n, se proyect\u00f3 el cortometraje \u00abSi quer\u00e9s gritar, grit\u00e1\u00bb, producido por la Campa\u00f1a contra la Violencia Ginecobst\u00e9trica en colaboraci\u00f3n con el CLMD, que re\u00fane testimonios conmovedores de personas que atravesaron situaciones de violencia en contextos ginecol\u00f3gicos y obst\u00e9tricos.<\/p>\n<p>Adem\u00e1s, en la Sala de Sesiones se present\u00f3 la muestra fotogr\u00e1fica \u00abLos 10 mandamientos de la violencia ginecobst\u00e9trica y neonatal\u00bb, que invita a reflexionar sobre pr\u00e1cticas naturalizadas que vulneran derechos en espacios de salud.<\/p>\n","protected":false},"excerpt":{"rendered":"<p>Este martes 20 de mayo, la Secretar\u00eda de Bienestar Estudiantil particip\u00f3 de una importante sesi\u00f3n del Concejo Deliberante, como integrante del Consejo Local de Mujeres Diversas (CLMD). En esta ocasi\u00f3n, se aprob\u00f3 una Ordenanza destinada a visibilizar y concientizar la problem\u00e1tica de la violencia ginecobst\u00e9trica. Durante la sesi\u00f3n, se proyect\u00f3 el cortometraje \u00abSi quer\u00e9s gritar, [&hellip;]<\/p>\n","protected":false},"author":4,"featured_media":25341,"comment_status":"closed","ping_status":"closed","sticky":false,"template":"","format":"standard","meta":{"footnotes":""},"categories":[5],"tags":[],"class_list":["post-25337","post","type-post","status-publish","format-standard","has-post-thumbnail","hentry","category-notifadecs"],"_links":{"self":[{"href":"https:\/\/fadeweb.uncoma.edu.ar\/index.php\/wp-json\/wp\/v2\/posts\/25337","targetHints":{"allow":["GET"]}}],"collection":[{"href":"https:\/\/fadeweb.uncoma.edu.ar\/index.php\/wp-json\/wp\/v2\/posts"}],"about":[{"href":"https:\/\/fadeweb.uncoma.edu.ar\/index.php\/wp-json\/wp\/v2\/types\/post"}],"author":[{"embeddable":true,"href":"https:\/\/fadeweb.uncoma.edu.ar\/index.php\/wp-json\/wp\/v2\/users\/4"}],"replies":[{"embeddable":true,"href":"https:\/\/fadeweb.uncoma.edu.ar\/index.php\/wp-json\/wp\/v2\/comments?post=25337"}],"version-history":[{"count":1,"href":"https:\/\/fadeweb.uncoma.edu.ar\/index.php\/wp-json\/wp\/v2\/posts\/25337\/revisions"}],"predecessor-version":[{"id":25344,"href":"https:\/\/fadeweb.uncoma.edu.ar\/index.php\/wp-json\/wp\/v2\/posts\/25337\/revisions\/25344"}],"wp:featuredmedia":[{"embeddable":true,"href":"https:\/\/fadeweb.uncoma.edu.ar\/index.php\/wp-json\/wp\/v2\/media\/25341"}],"wp:attachment":[{"href":"https:\/\/fadeweb.uncoma.edu.ar\/index.php\/wp-json\/wp\/v2\/media?parent=25337"}],"wp:term":[{"taxonomy":"category","embeddable":true,"href":"https:\/\/fadeweb.uncoma.edu.ar\/index.php\/wp-json\/wp\/v2\/categories?post=25337"},{"taxonomy":"post_tag","embeddable":true,"href":"https:\/\/fadeweb.uncoma.edu.ar\/index.php\/wp-json\/wp\/v2\/tags?post=25337"}],"curies":[{"name":"wp","href":"https:\/\/api.w.org\/{rel}","templated":true}]}}