{"id":25313,"date":"2025-05-16T12:04:12","date_gmt":"2025-05-16T15:04:12","guid":{"rendered":"https:\/\/fadeweb.uncoma.edu.ar\/?p=25313"},"modified":"2025-05-20T12:02:41","modified_gmt":"2025-05-20T15:02:41","slug":"charla-informativa-por-el-derecho-del-ninos-as-y-o-adolescentes-a-vivir-en-familias","status":"publish","type":"post","link":"https:\/\/fadeweb.uncoma.edu.ar\/index.php\/2025\/05\/16\/charla-informativa-por-el-derecho-del-ninos-as-y-o-adolescentes-a-vivir-en-familias\/","title":{"rendered":"CHARLA INFORMATIVA \u00abPOR EL DERECHO DE NI\u00d1OS\/AS Y\/O ADOLESCENTES A VIVIR EN FAMILIAS\u00bb"},"content":{"rendered":"<p><img fetchpriority=\"high\" decoding=\"async\" class=\"alignnone wp-image-25333\" src=\"https:\/\/fadeweb.uncoma.edu.ar\/wp-content\/uploads\/2025\/05\/PROGRAMAS-FLIAS-SOLIDARIAS-2-819x1024.jpg\" alt=\"\" width=\"480\" height=\"600\" srcset=\"https:\/\/fadeweb.uncoma.edu.ar\/wp-content\/uploads\/2025\/05\/PROGRAMAS-FLIAS-SOLIDARIAS-2-819x1024.jpg 819w, https:\/\/fadeweb.uncoma.edu.ar\/wp-content\/uploads\/2025\/05\/PROGRAMAS-FLIAS-SOLIDARIAS-2-240x300.jpg 240w, https:\/\/fadeweb.uncoma.edu.ar\/wp-content\/uploads\/2025\/05\/PROGRAMAS-FLIAS-SOLIDARIAS-2-768x960.jpg 768w, https:\/\/fadeweb.uncoma.edu.ar\/wp-content\/uploads\/2025\/05\/PROGRAMAS-FLIAS-SOLIDARIAS-2.jpg 1080w\" sizes=\"(max-width: 480px) 100vw, 480px\" \/><\/p>\n<p>La Direcci\u00f3n Departamental de Trabajo Social M\u00f3dulo Neuqu\u00e9n y el Equipo T\u00e9cnico Profesional del Programa Familias Solidarias convocan a la charla informativa \u00abPor el derecho del ni\u00f1os\/as y\/o adolescentes a vivir en familias\u00bb, que se desarrollar\u00e1 el <strong>jueves 5 de junio, de 15 a 17, en el aula 4 Anexo Humanidades Edificio \u201cNoem\u00ed Labrune\u201d<\/strong>, sede central de la UNCo.<\/p>\n<p>La propuesta tiene como objetivo visibilizar y socializar informaci\u00f3n en cuanto a requisitos y alcance del Programa Familias Solidarias de la provincia de Neuqu\u00e9n y est\u00e1 dirigido a estudiantes, docentes y comunidad en general.<\/p>\n<p>La Secretaria de Extensi\u00f3n y Asuntos Estudiantiles de la FADECS consider\u00f3 la propuesta garantiza la protecci\u00f3n integral de los derechos de ni\u00f1as, ni\u00f1os y adolescentes que se encuentran atravesando una Medida de Protecci\u00f3n Excepcional (MPE), originada ante la vulneraci\u00f3n de derechos. En este sentido, cuenta con aval institucional sancionada por Resoluci\u00f3n Decanal N\u00b0 0509\/2025.<\/p>\n","protected":false},"excerpt":{"rendered":"<p>La Direcci\u00f3n Departamental de Trabajo Social M\u00f3dulo Neuqu\u00e9n y el Equipo T\u00e9cnico Profesional del Programa Familias Solidarias convocan a la charla informativa \u00abPor el derecho del ni\u00f1os\/as y\/o adolescentes a vivir en familias\u00bb, que se desarrollar\u00e1 el jueves 5 de junio, de 15 a 17, en el aula 4 Anexo Humanidades Edificio \u201cNoem\u00ed Labrune\u201d, sede [&hellip;]<\/p>\n","protected":false},"author":4,"featured_media":25333,"comment_status":"closed","ping_status":"closed","sticky":false,"template":"","format":"standard","meta":{"footnotes":""},"categories":[5],"tags":[],"class_list":["post-25313","post","type-post","status-publish","format-standard","has-post-thumbnail","hentry","category-notifadecs"],"_links":{"self":[{"href":"https:\/\/fadeweb.uncoma.edu.ar\/index.php\/wp-json\/wp\/v2\/posts\/25313","targetHints":{"allow":["GET"]}}],"collection":[{"href":"https:\/\/fadeweb.uncoma.edu.ar\/index.php\/wp-json\/wp\/v2\/posts"}],"about":[{"href":"https:\/\/fadeweb.uncoma.edu.ar\/index.php\/wp-json\/wp\/v2\/types\/post"}],"author":[{"embeddable":true,"href":"https:\/\/fadeweb.uncoma.edu.ar\/index.php\/wp-json\/wp\/v2\/users\/4"}],"replies":[{"embeddable":true,"href":"https:\/\/fadeweb.uncoma.edu.ar\/index.php\/wp-json\/wp\/v2\/comments?post=25313"}],"version-history":[{"count":4,"href":"https:\/\/fadeweb.uncoma.edu.ar\/index.php\/wp-json\/wp\/v2\/posts\/25313\/revisions"}],"predecessor-version":[{"id":25336,"href":"https:\/\/fadeweb.uncoma.edu.ar\/index.php\/wp-json\/wp\/v2\/posts\/25313\/revisions\/25336"}],"wp:featuredmedia":[{"embeddable":true,"href":"https:\/\/fadeweb.uncoma.edu.ar\/index.php\/wp-json\/wp\/v2\/media\/25333"}],"wp:attachment":[{"href":"https:\/\/fadeweb.uncoma.edu.ar\/index.php\/wp-json\/wp\/v2\/media?parent=25313"}],"wp:term":[{"taxonomy":"category","embeddable":true,"href":"https:\/\/fadeweb.uncoma.edu.ar\/index.php\/wp-json\/wp\/v2\/categories?post=25313"},{"taxonomy":"post_tag","embeddable":true,"href":"https:\/\/fadeweb.uncoma.edu.ar\/index.php\/wp-json\/wp\/v2\/tags?post=25313"}],"curies":[{"name":"wp","href":"https:\/\/api.w.org\/{rel}","templated":true}]}}