{"id":25286,"date":"2025-05-15T11:13:47","date_gmt":"2025-05-15T14:13:47","guid":{"rendered":"https:\/\/fadeweb.uncoma.edu.ar\/?p=25286"},"modified":"2025-06-06T11:05:46","modified_gmt":"2025-06-06T14:05:46","slug":"nazis-montanas-y-la-comunidad-alemana-en-bariloche-un-pacto-de-silencio-aun-vigente","status":"publish","type":"post","link":"https:\/\/fadeweb.uncoma.edu.ar\/index.php\/2025\/05\/15\/nazis-montanas-y-la-comunidad-alemana-en-bariloche-un-pacto-de-silencio-aun-vigente\/","title":{"rendered":"Nazis, monta\u00f1as y la comunidad alemana en Bariloche: un \u201cPacto de Silencio\u201d a\u00fan vigente"},"content":{"rendered":"\t\t<div data-elementor-type=\"wp-post\" data-elementor-id=\"25286\" class=\"elementor elementor-25286\" data-elementor-post-type=\"post\">\n\t\t\t\t\t\t<section class=\"elementor-section elementor-top-section elementor-element elementor-element-d58e8a2 elementor-section-boxed elementor-section-height-default elementor-section-height-default\" data-id=\"d58e8a2\" data-element_type=\"section\" data-e-type=\"section\">\n\t\t\t\t\t\t<div class=\"elementor-container elementor-column-gap-default\">\n\t\t\t\t\t<div class=\"elementor-column elementor-col-100 elementor-top-column elementor-element elementor-element-6115d9f\" data-id=\"6115d9f\" data-element_type=\"column\" data-e-type=\"column\">\n\t\t\t<div class=\"elementor-widget-wrap elementor-element-populated\">\n\t\t\t\t\t\t<section class=\"elementor-section elementor-inner-section elementor-element elementor-element-e12edfa elementor-section-boxed elementor-section-height-default elementor-section-height-default\" data-id=\"e12edfa\" data-element_type=\"section\" data-e-type=\"section\">\n\t\t\t\t\t\t<div class=\"elementor-container elementor-column-gap-default\">\n\t\t\t\t\t<div class=\"elementor-column elementor-col-50 elementor-inner-column elementor-element elementor-element-a6a6022\" data-id=\"a6a6022\" data-element_type=\"column\" data-e-type=\"column\">\n\t\t\t<div class=\"elementor-widget-wrap elementor-element-populated\">\n\t\t\t\t\t\t<div class=\"elementor-element elementor-element-7598717 elementor-widget elementor-widget-image\" data-id=\"7598717\" data-element_type=\"widget\" data-e-type=\"widget\" data-widget_type=\"image.default\">\n\t\t\t\t<div class=\"elementor-widget-container\">\n\t\t\t\t\t\t\t\t\t\t\t\t\t\t\t<img fetchpriority=\"high\" decoding=\"async\" width=\"512\" height=\"341\" src=\"https:\/\/fadeweb.uncoma.edu.ar\/wp-content\/uploads\/2025\/05\/Maximiliano-Benitez1-1.jpeg\" class=\"attachment-large size-large wp-image-25289\" alt=\"Nazis, monta\u00f1as y la comunidad alemana en Bariloche: un \u201cPacto de Silencio\u201d a\u00fan vigente\" srcset=\"https:\/\/fadeweb.uncoma.edu.ar\/wp-content\/uploads\/2025\/05\/Maximiliano-Benitez1-1.jpeg 512w, https:\/\/fadeweb.uncoma.edu.ar\/wp-content\/uploads\/2025\/05\/Maximiliano-Benitez1-1-300x200.jpeg 300w\" sizes=\"(max-width: 512px) 100vw, 512px\" \/>\t\t\t\t\t\t\t\t\t\t\t\t\t\t\t<\/div>\n\t\t\t\t<\/div>\n\t\t\t\t\t<\/div>\n\t\t<\/div>\n\t\t\t\t<div class=\"elementor-column elementor-col-50 elementor-inner-column elementor-element elementor-element-096842b\" data-id=\"096842b\" data-element_type=\"column\" data-e-type=\"column\">\n\t\t\t<div class=\"elementor-widget-wrap elementor-element-populated\">\n\t\t\t\t\t\t<div class=\"elementor-element elementor-element-1587ac3 elementor-widget elementor-widget-heading\" data-id=\"1587ac3\" data-element_type=\"widget\" data-e-type=\"widget\" data-widget_type=\"heading.default\">\n\t\t\t\t<div class=\"elementor-widget-container\">\n\t\t\t\t\t<h2 class=\"elementor-heading-title elementor-size-default\">DOCUMENTAL: CR\u00cdTICAS<\/h2>\t\t\t\t<\/div>\n\t\t\t\t<\/div>\n\t\t\t\t<div class=\"elementor-element elementor-element-f4e2414 elementor-widget elementor-widget-text-editor\" data-id=\"f4e2414\" data-element_type=\"widget\" data-e-type=\"widget\" data-widget_type=\"text-editor.default\">\n\t\t\t\t<div class=\"elementor-widget-container\">\n\t\t\t\t\t\t\t\t\t<h3><strong>Cr\u00edtica: \u201cPacto de silencio\u201d, de Carlos Echeverr\u00eda<\/strong><\/h3><p><strong><em>Por Maximiliano Ben\u00edtez<\/em><\/strong><\/p><p>El documental\u00a0<em>Pacto de Silencio<\/em>\u00a0fue estrenado en 2006 y trata dos temas importantes que involucran a toda la sociedad barilochense: la llegada del jerarca nazi Erich Priebke tras la huida despu\u00e9s de la Segunda Guerra Mundial, y la complicidad de la comunidad alemana.<\/p><p>El film es dirigido, guionado y producido por Carlos Echeverr\u00eda (<em>Juan, como si nada hubiera sucedido<\/em>), quien construye la historia a trav\u00e9s de entrevistas, videos, fotos, peque\u00f1as reconstrucciones dram\u00e1ticas y documentos originales que cuentan el camino que emprende Priebke para llegar hasta Bariloche. Hasta que se descubre qui\u00e9n es, mucho tiempo despu\u00e9s, y se inicia en Italia su procesamiento por la masacre de las<em>\u00a0Fosas Ardeatinas<\/em>, que termina con la detenci\u00f3n y extradici\u00f3n del ex comandante de las SS.<\/p><p>El rodaje inicia con una persecuci\u00f3n en auto que termina con la participaci\u00f3n del propio Priebke en una capilla del centro de la ciudad, junto a algunos amigos, que impiden que Echeverr\u00eda pueda filmar o hacerle alguna pregunta al alem\u00e1n vinculado con el nazismo. En el resto del documental se mantiene esta tensi\u00f3n con momentos \u00fanicos para los vecinos de la ciudad as\u00ed como para todas aquellas personas que quieran saber de este secreto a voces de \u201cLa Capital de Los Lagos del sur\u201d<\/p><p>La investigaci\u00f3n habla por s\u00ed misma y es lo que m\u00e1s atrae del documental: todo lo que se cuenta, est\u00e1 documentado. Los entrevistados brindan testimonios in\u00e9ditos hasta ese momento, as\u00ed como cada foto que se expone. El desarrollo es atemporal, por lo que no parece haber sido filmado hace m\u00e1s de quince a\u00f1os, manteniendo actual un tema que es inagotable.<\/p><p>El director que naci\u00f3 en Bariloche acompa\u00f1a las im\u00e1genes junto a narraciones realizadas en\u00a0<em>off\u00a0<\/em>adem\u00e1s de una leve musicalizaci\u00f3n en momentos importantes de la historia, que cuenta esta parte de la vida de Priebke pero tambi\u00e9n menciona a personajes destacados en la ciudad.<\/p><p>El documental est\u00e1 perfectamente logrado y es muy recomendable para todos aquellos que quieran saber la verdad sobre Erich Priebke, as\u00ed como el v\u00ednculo del nazismo con la ciudad patag\u00f3nica. No le falta ni le sobra nada. No hay escenas de relleno as\u00ed como tampoco planteos inconclusos.<\/p><p>Aunque en un primer momento hablar de la huida de un nazi post Segunda Guerra Mundial a Bariloche, parece ser una historia f\u00e1cil de contar, el peso de los hechos demandan la investigaci\u00f3n monstruosa que queda expuesta en cada momento del film.<\/p><p>Vale la pena ver este documental que trata uno de los misterios m\u00e1s importantes de una de las ciudades tur\u00edsticas m\u00e1s importantes de Argentina. Para largar el celular y sumergirse en un mundo que forma parte de la realidad que se escapa a nuestra mirada cotidiana.<\/p>\t\t\t\t\t\t\t\t<\/div>\n\t\t\t\t<\/div>\n\t\t\t\t\t<\/div>\n\t\t<\/div>\n\t\t\t\t\t<\/div>\n\t\t<\/section>\n\t\t\t\t\t<\/div>\n\t\t<\/div>\n\t\t\t\t\t<\/div>\n\t\t<\/section>\n\t\t\t\t<\/div>\n\t\t","protected":false},"excerpt":{"rendered":"<p>DOCUMENTAL: CR\u00cdTICAS Cr\u00edtica: \u201cPacto de silencio\u201d, de Carlos Echeverr\u00eda Por Maximiliano Ben\u00edtez El documental\u00a0Pacto de Silencio\u00a0fue estrenado en 2006 y trata dos temas importantes que involucran a toda la sociedad barilochense: la llegada del jerarca nazi Erich Priebke tras la huida despu\u00e9s de la Segunda Guerra Mundial, y la complicidad de la comunidad alemana. El [&hellip;]<\/p>\n","protected":false},"author":4,"featured_media":25287,"comment_status":"closed","ping_status":"closed","sticky":false,"template":"","format":"standard","meta":{"footnotes":""},"categories":[113],"tags":[],"class_list":["post-25286","post","type-post","status-publish","format-standard","has-post-thumbnail","hentry","category-documental-criticas"],"_links":{"self":[{"href":"https:\/\/fadeweb.uncoma.edu.ar\/index.php\/wp-json\/wp\/v2\/posts\/25286","targetHints":{"allow":["GET"]}}],"collection":[{"href":"https:\/\/fadeweb.uncoma.edu.ar\/index.php\/wp-json\/wp\/v2\/posts"}],"about":[{"href":"https:\/\/fadeweb.uncoma.edu.ar\/index.php\/wp-json\/wp\/v2\/types\/post"}],"author":[{"embeddable":true,"href":"https:\/\/fadeweb.uncoma.edu.ar\/index.php\/wp-json\/wp\/v2\/users\/4"}],"replies":[{"embeddable":true,"href":"https:\/\/fadeweb.uncoma.edu.ar\/index.php\/wp-json\/wp\/v2\/comments?post=25286"}],"version-history":[{"count":13,"href":"https:\/\/fadeweb.uncoma.edu.ar\/index.php\/wp-json\/wp\/v2\/posts\/25286\/revisions"}],"predecessor-version":[{"id":25501,"href":"https:\/\/fadeweb.uncoma.edu.ar\/index.php\/wp-json\/wp\/v2\/posts\/25286\/revisions\/25501"}],"wp:featuredmedia":[{"embeddable":true,"href":"https:\/\/fadeweb.uncoma.edu.ar\/index.php\/wp-json\/wp\/v2\/media\/25287"}],"wp:attachment":[{"href":"https:\/\/fadeweb.uncoma.edu.ar\/index.php\/wp-json\/wp\/v2\/media?parent=25286"}],"wp:term":[{"taxonomy":"category","embeddable":true,"href":"https:\/\/fadeweb.uncoma.edu.ar\/index.php\/wp-json\/wp\/v2\/categories?post=25286"},{"taxonomy":"post_tag","embeddable":true,"href":"https:\/\/fadeweb.uncoma.edu.ar\/index.php\/wp-json\/wp\/v2\/tags?post=25286"}],"curies":[{"name":"wp","href":"https:\/\/api.w.org\/{rel}","templated":true}]}}